{"id":1005,"date":"2025-02-26T10:56:52","date_gmt":"2025-02-26T10:56:52","guid":{"rendered":"https:\/\/algarvestp.pt\/?p=1005"},"modified":"2025-02-26T10:56:52","modified_gmt":"2025-02-26T10:56:52","slug":"algarve-stp-torna-se-socio-aderente-da-tecparques-e-amplia-representatividade-da-regiao","status":"publish","type":"post","link":"https:\/\/algarvestp.pt\/en\/algarve-stp-torna-se-socio-aderente-da-tecparques-e-amplia-representatividade-da-regiao\/","title":{"rendered":"Algarve STP torna-se s\u00f3cio aderente da TecParques e amplia representatividade da regi\u00e3o"},"content":{"rendered":"<p><em>Entidade pretende fortalecer as conex\u00f5es do Algarve com a Associa\u00e7\u00e3o Nacional de Parques de Ci\u00eancia e Tecnologia<\/em><\/p>\n<p>A Algarve STP foi aprovada como s\u00f3cio aderente da TecParques \u2013 Associa\u00e7\u00e3o Portuguesa de Parques de Ci\u00eancia e Tecnologia, consolidando o Algarve como uma regi\u00e3o ativa no panorama nacional de inova\u00e7\u00e3o e empreendedorismo. A decis\u00e3o foi formalizada na \u00faltima ter\u00e7a-feira, dia 18 de fevereiro, durante a Assembleia Geral da TecParques, realizada em Aveiro. Na ocasi\u00e3o, esteve presente a Diretora Executiva da AlgarveSTP, Jessica Costa, em representa\u00e7\u00e3o da entidade.<\/p>\n<p>A TecParques tem como miss\u00e3o promover e valorizar os Parques de Ci\u00eancia e Tecnologia de Portugal, incentivando a liga\u00e7\u00e3o entre empresas, universidades e institui\u00e7\u00f5es nacionais e internacionais, fortalecendo o desenvolvimento tecnol\u00f3gico e empresarial do pa\u00eds.<\/p>\n<p>Al\u00e9m da ades\u00e3o da Algarve STP, a representatividade da regi\u00e3o no ecossistema de parques tecnol\u00f3gicos ganha ainda mais destaque com a integra\u00e7\u00e3o do CRIA \u2013 Divis\u00e3o de Empreendedorismo e Transfer\u00eancia de Tecnologia da Universidade do Algarve na Dire\u00e7\u00e3o da TecParques, representado pelo chefe de divis\u00e3o, Hugo Barros.<\/p>\n<p>Para o Presidente Interino da Algarve STP, Paulo Santos, a ades\u00e3o \u00e0 TecParques representa um passo estrat\u00e9gico para refor\u00e7ar a presen\u00e7a da regi\u00e3o no ecossistema nacional de ci\u00eancia e tecnologia. &#8220;Esta integra\u00e7\u00e3o abre portas para novas parcerias, impulsiona a inova\u00e7\u00e3o e cria oportunidades valiosas para as empresas e institui\u00e7\u00f5es do Algarve, consolidando o compromisso da Algarve STP com o desenvolvimento tecnol\u00f3gico e empresarial da regi\u00e3o\u201d.<\/p>\n<p><strong>Sobre a Algarve STP<\/strong><\/p>\n<p>A Algarve STP (Algarve Systems and Technology Partnership) \u00e9 uma associa\u00e7\u00e3o sem fins lucrativos que representa o ecossistema de tecnologia e inova\u00e7\u00e3o do Algarve. Conta com uma vasta rede de membros, incluindo a Universidade do Algarve, sete dos principais munic\u00edpios da regi\u00e3o e associa\u00e7\u00f5es estrat\u00e9gicas, como a DOCAPESCA, a ANJE e a Algarve Evolution.<\/p>\n<p>Cofundadora da marca Algarve Tech Hub e reconhecida como Digital Innovation Hub \u2013 Algarve Smart Destination, a Algarve STP gere infraestruturas de incuba\u00e7\u00e3o e acelera\u00e7\u00e3o que integram a Rede Nacional e Regional de Incubadoras. Trabalha em estreita colabora\u00e7\u00e3o com o setor p\u00fablico e associa\u00e7\u00f5es, promovendo um ambiente favor\u00e1vel \u00e0 inova\u00e7\u00e3o e ao desenvolvimento tecnol\u00f3gico.<\/p>\n<p>O seu objetivo \u00e9 ligar institui\u00e7\u00f5es, atrair investimento e criar as condi\u00e7\u00f5es necess\u00e1rias para consolidar o Algarve como um polo de excel\u00eancia em inova\u00e7\u00e3o e tecnologia.<\/p>","protected":false},"excerpt":{"rendered":"<p>Entidade pretende fortalecer as conex\u00f5es do Algarve com a Associa\u00e7\u00e3o Nacional de Parques de Ci\u00eancia e Tecnologia A Algarve STP foi aprovada como s\u00f3cio aderente da TecParques \u2013 Associa\u00e7\u00e3o Portuguesa de Parques de Ci\u00eancia e Tecnologia, consolidando o Algarve como uma regi\u00e3o ativa no panorama nacional de inova\u00e7\u00e3o e empreendedorismo. A decis\u00e3o foi formalizada na [&#8230;]","protected":false},"author":1,"featured_media":1006,"comment_status":"closed","ping_status":"closed","sticky":false,"template":"","format":"standard","meta":{"footnotes":""},"categories":[1],"tags":[],"class_list":["post-1005","post","type-post","status-publish","format-standard","has-post-thumbnail","hentry","category-noticias"],"yoast_head":"<!-- This site is optimized with the Yoast SEO plugin v21.2 - https:\/\/yoast.com\/wordpress\/plugins\/seo\/ -->\n<title>Algarve STP torna-se s\u00f3cio aderente da TecParques e amplia representatividade da regi\u00e3o - Algarve STP<\/title>\n<meta name=\"robots\" content=\"index, follow, max-snippet:-1, max-image-preview:large, max-video-preview:-1\" \/>\n<link rel=\"canonical\" href=\"https:\/\/algarvestp.pt\/en\/algarve-stp-torna-se-socio-aderente-da-tecparques-e-amplia-representatividade-da-regiao\/\" \/>\n<meta property=\"og:locale\" content=\"en_GB\" \/>\n<meta property=\"og:type\" content=\"article\" \/>\n<meta property=\"og:title\" content=\"Algarve STP torna-se s\u00f3cio aderente da TecParques e amplia representatividade da regi\u00e3o - Algarve STP\" \/>\n<meta property=\"og:description\" content=\"Entidade pretende fortalecer as conex\u00f5es do Algarve com a Associa\u00e7\u00e3o Nacional de Parques de Ci\u00eancia e Tecnologia A Algarve STP foi aprovada como s\u00f3cio aderente da TecParques \u2013 Associa\u00e7\u00e3o Portuguesa de Parques de Ci\u00eancia e Tecnologia, consolidando o Algarve como uma regi\u00e3o ativa no panorama nacional de inova\u00e7\u00e3o e empreendedorismo. A decis\u00e3o foi formalizada na [...]\" \/>\n<meta property=\"og:url\" content=\"https:\/\/algarvestp.pt\/en\/algarve-stp-torna-se-socio-aderente-da-tecparques-e-amplia-representatividade-da-regiao\/\" \/>\n<meta property=\"og:site_name\" content=\"Algarve STP\" \/>\n<meta property=\"article:published_time\" content=\"2025-02-26T10:56:52+00:00\" \/>\n<meta property=\"og:image\" content=\"https:\/\/algarvestp.pt\/wp-content\/uploads\/2025\/02\/AlgarveSTP-e-TecParques.jpeg\" \/>\n\t<meta property=\"og:image:width\" content=\"1600\" \/>\n\t<meta property=\"og:image:height\" content=\"1200\" \/>\n\t<meta property=\"og:image:type\" content=\"image\/jpeg\" \/>\n<meta name=\"author\" content=\"algarvestpwm\" \/>\n<meta name=\"twitter:card\" content=\"summary_large_image\" \/>\n<meta name=\"twitter:label1\" content=\"Written by\" \/>\n\t<meta name=\"twitter:data1\" content=\"algarvestpwm\" \/>\n\t<meta name=\"twitter:label2\" content=\"Estimated reading time\" \/>\n\t<meta name=\"twitter:data2\" content=\"3 minutes\" \/>\n<script type=\"application\/ld+json\" class=\"yoast-schema-graph\">{\"@context\":\"https:\/\/schema.org\",\"@graph\":[{\"@type\":\"WebPage\",\"@id\":\"https:\/\/algarvestp.pt\/algarve-stp-torna-se-socio-aderente-da-tecparques-e-amplia-representatividade-da-regiao\/\",\"url\":\"https:\/\/algarvestp.pt\/algarve-stp-torna-se-socio-aderente-da-tecparques-e-amplia-representatividade-da-regiao\/\",\"name\":\"Algarve STP torna-se s\u00f3cio aderente da TecParques e amplia representatividade da regi\u00e3o - Algarve STP\",\"isPartOf\":{\"@id\":\"https:\/\/algarvestp.pt\/en\/#website\"},\"datePublished\":\"2025-02-26T10:56:52+00:00\",\"dateModified\":\"2025-02-26T10:56:52+00:00\",\"author\":{\"@id\":\"https:\/\/algarvestp.pt\/en\/#\/schema\/person\/c5cba8597d0666e788d8a8e2316bfb8f\"},\"breadcrumb\":{\"@id\":\"https:\/\/algarvestp.pt\/algarve-stp-torna-se-socio-aderente-da-tecparques-e-amplia-representatividade-da-regiao\/#breadcrumb\"},\"inLanguage\":\"en-GB\",\"potentialAction\":[{\"@type\":\"ReadAction\",\"target\":[\"https:\/\/algarvestp.pt\/algarve-stp-torna-se-socio-aderente-da-tecparques-e-amplia-representatividade-da-regiao\/\"]}]},{\"@type\":\"BreadcrumbList\",\"@id\":\"https:\/\/algarvestp.pt\/algarve-stp-torna-se-socio-aderente-da-tecparques-e-amplia-representatividade-da-regiao\/#breadcrumb\",\"itemListElement\":[{\"@type\":\"ListItem\",\"position\":1,\"name\":\"Home\",\"item\":\"https:\/\/algarvestp.pt\/\"},{\"@type\":\"ListItem\",\"position\":2,\"name\":\"Algarve STP torna-se s\u00f3cio aderente da TecParques e amplia representatividade da regi\u00e3o\"}]},{\"@type\":\"WebSite\",\"@id\":\"https:\/\/algarvestp.pt\/en\/#website\",\"url\":\"https:\/\/algarvestp.pt\/en\/\",\"name\":\"Algarve STP\",\"description\":\"Algarve Systems and Technology Partnership\",\"potentialAction\":[{\"@type\":\"SearchAction\",\"target\":{\"@type\":\"EntryPoint\",\"urlTemplate\":\"https:\/\/algarvestp.pt\/en\/?s={search_term_string}\"},\"query-input\":\"required name=search_term_string\"}],\"inLanguage\":\"en-GB\"},{\"@type\":\"Person\",\"@id\":\"https:\/\/algarvestp.pt\/en\/#\/schema\/person\/c5cba8597d0666e788d8a8e2316bfb8f\",\"name\":\"algarvestpwm\",\"image\":{\"@type\":\"ImageObject\",\"inLanguage\":\"en-GB\",\"@id\":\"https:\/\/algarvestp.pt\/en\/#\/schema\/person\/image\/\",\"url\":\"https:\/\/algarvestp.pt\/wp-content\/plugins\/buddypress\/bp-core\/images\/mystery-man.jpg\",\"contentUrl\":\"https:\/\/algarvestp.pt\/wp-content\/plugins\/buddypress\/bp-core\/images\/mystery-man.jpg\",\"caption\":\"algarvestpwm\"},\"sameAs\":[\"https:\/\/algarvestp.pt\"],\"url\":\"https:\/\/algarvestp.pt\/en\/members\/algarvestpwm\/\"}]}<\/script>\n<!-- \/ Yoast SEO plugin. -->","yoast_head_json":{"title":"Algarve STP torna-se s\u00f3cio aderente da TecParques e amplia representatividade da regi\u00e3o - Algarve STP","robots":{"index":"index","follow":"follow","max-snippet":"max-snippet:-1","max-image-preview":"max-image-preview:large","max-video-preview":"max-video-preview:-1"},"canonical":"https:\/\/algarvestp.pt\/en\/algarve-stp-torna-se-socio-aderente-da-tecparques-e-amplia-representatividade-da-regiao\/","og_locale":"en_GB","og_type":"article","og_title":"Algarve STP torna-se s\u00f3cio aderente da TecParques e amplia representatividade da regi\u00e3o - Algarve STP","og_description":"Entidade pretende fortalecer as conex\u00f5es do Algarve com a Associa\u00e7\u00e3o Nacional de Parques de Ci\u00eancia e Tecnologia A Algarve STP foi aprovada como s\u00f3cio aderente da TecParques \u2013 Associa\u00e7\u00e3o Portuguesa de Parques de Ci\u00eancia e Tecnologia, consolidando o Algarve como uma regi\u00e3o ativa no panorama nacional de inova\u00e7\u00e3o e empreendedorismo. A decis\u00e3o foi formalizada na [...]","og_url":"https:\/\/algarvestp.pt\/en\/algarve-stp-torna-se-socio-aderente-da-tecparques-e-amplia-representatividade-da-regiao\/","og_site_name":"Algarve STP","article_published_time":"2025-02-26T10:56:52+00:00","og_image":[{"width":1600,"height":1200,"url":"https:\/\/algarvestp.pt\/wp-content\/uploads\/2025\/02\/AlgarveSTP-e-TecParques.jpeg","type":"image\/jpeg"}],"author":"algarvestpwm","twitter_card":"summary_large_image","twitter_misc":{"Written by":"algarvestpwm","Estimated reading time":"3 minutes"},"schema":{"@context":"https:\/\/schema.org","@graph":[{"@type":"WebPage","@id":"https:\/\/algarvestp.pt\/algarve-stp-torna-se-socio-aderente-da-tecparques-e-amplia-representatividade-da-regiao\/","url":"https:\/\/algarvestp.pt\/algarve-stp-torna-se-socio-aderente-da-tecparques-e-amplia-representatividade-da-regiao\/","name":"Algarve STP torna-se s\u00f3cio aderente da TecParques e amplia representatividade da regi\u00e3o - Algarve STP","isPartOf":{"@id":"https:\/\/algarvestp.pt\/en\/#website"},"datePublished":"2025-02-26T10:56:52+00:00","dateModified":"2025-02-26T10:56:52+00:00","author":{"@id":"https:\/\/algarvestp.pt\/en\/#\/schema\/person\/c5cba8597d0666e788d8a8e2316bfb8f"},"breadcrumb":{"@id":"https:\/\/algarvestp.pt\/algarve-stp-torna-se-socio-aderente-da-tecparques-e-amplia-representatividade-da-regiao\/#breadcrumb"},"inLanguage":"en-GB","potentialAction":[{"@type":"ReadAction","target":["https:\/\/algarvestp.pt\/algarve-stp-torna-se-socio-aderente-da-tecparques-e-amplia-representatividade-da-regiao\/"]}]},{"@type":"BreadcrumbList","@id":"https:\/\/algarvestp.pt\/algarve-stp-torna-se-socio-aderente-da-tecparques-e-amplia-representatividade-da-regiao\/#breadcrumb","itemListElement":[{"@type":"ListItem","position":1,"name":"Home","item":"https:\/\/algarvestp.pt\/"},{"@type":"ListItem","position":2,"name":"Algarve STP torna-se s\u00f3cio aderente da TecParques e amplia representatividade da regi\u00e3o"}]},{"@type":"WebSite","@id":"https:\/\/algarvestp.pt\/en\/#website","url":"https:\/\/algarvestp.pt\/en\/","name":"Algarve STP","description":"Algarve Systems and Technology Partnership","potentialAction":[{"@type":"SearchAction","target":{"@type":"EntryPoint","urlTemplate":"https:\/\/algarvestp.pt\/en\/?s={search_term_string}"},"query-input":"required name=search_term_string"}],"inLanguage":"en-GB"},{"@type":"Person","@id":"https:\/\/algarvestp.pt\/en\/#\/schema\/person\/c5cba8597d0666e788d8a8e2316bfb8f","name":"algarvestpwm","image":{"@type":"ImageObject","inLanguage":"en-GB","@id":"https:\/\/algarvestp.pt\/en\/#\/schema\/person\/image\/","url":"https:\/\/algarvestp.pt\/wp-content\/plugins\/buddypress\/bp-core\/images\/mystery-man.jpg","contentUrl":"https:\/\/algarvestp.pt\/wp-content\/plugins\/buddypress\/bp-core\/images\/mystery-man.jpg","caption":"algarvestpwm"},"sameAs":["https:\/\/algarvestp.pt"],"url":"https:\/\/algarvestp.pt\/en\/members\/algarvestpwm\/"}]}},"_links":{"self":[{"href":"https:\/\/algarvestp.pt\/en\/wp-json\/wp\/v2\/posts\/1005","targetHints":{"allow":["GET"]}}],"collection":[{"href":"https:\/\/algarvestp.pt\/en\/wp-json\/wp\/v2\/posts"}],"about":[{"href":"https:\/\/algarvestp.pt\/en\/wp-json\/wp\/v2\/types\/post"}],"author":[{"embeddable":true,"href":"https:\/\/algarvestp.pt\/en\/wp-json\/wp\/v2\/users\/1"}],"replies":[{"embeddable":true,"href":"https:\/\/algarvestp.pt\/en\/wp-json\/wp\/v2\/comments?post=1005"}],"version-history":[{"count":1,"href":"https:\/\/algarvestp.pt\/en\/wp-json\/wp\/v2\/posts\/1005\/revisions"}],"predecessor-version":[{"id":1007,"href":"https:\/\/algarvestp.pt\/en\/wp-json\/wp\/v2\/posts\/1005\/revisions\/1007"}],"wp:featuredmedia":[{"embeddable":true,"href":"https:\/\/algarvestp.pt\/en\/wp-json\/wp\/v2\/media\/1006"}],"wp:attachment":[{"href":"https:\/\/algarvestp.pt\/en\/wp-json\/wp\/v2\/media?parent=1005"}],"wp:term":[{"taxonomy":"category","embeddable":true,"href":"https:\/\/algarvestp.pt\/en\/wp-json\/wp\/v2\/categories?post=1005"},{"taxonomy":"post_tag","embeddable":true,"href":"https:\/\/algarvestp.pt\/en\/wp-json\/wp\/v2\/tags?post=1005"}],"curies":[{"name":"wp","href":"https:\/\/api.w.org\/{rel}","templated":true}]}}