{"id":1148,"date":"2025-07-14T09:38:20","date_gmt":"2025-07-14T09:38:20","guid":{"rendered":"https:\/\/algarvestp.pt\/?p=1148"},"modified":"2025-07-14T09:38:20","modified_gmt":"2025-07-14T09:38:20","slug":"algarve-stp-celebrar-20-anos-inovacao","status":"publish","type":"post","link":"https:\/\/algarvestp.pt\/en\/algarve-stp-celebrar-20-anos-inovacao\/","title":{"rendered":"AlgarveSTP 20 anos: celebrar duas d\u00e9cadas de inova\u00e7\u00e3o na regi\u00e3o!"},"content":{"rendered":"<p data-start=\"168\" data-end=\"583\">Ao longo das \u00faltimas duas d\u00e9cadas, a AlgarveSTP firmou-se como uma plataforma estrat\u00e9gica para o desenvolvimento do ecossistema de inova\u00e7\u00e3o e tecnologia no Algarve. Fundada com uma vis\u00e3o colaborativa, a organiza\u00e7\u00e3o promove a liga\u00e7\u00e3o entre munic\u00edpios, universidades, empresas e entidades regionais. Assim, juntos, esses atores trabalham para posicionar o Algarve como um polo de excel\u00eancia, inova\u00e7\u00e3o e lifestyle.<\/p>\n<p data-start=\"585\" data-end=\"610\"><strong data-start=\"585\" data-end=\"610\">Rede Ativa e Din\u00e2mica<\/strong><\/p>\n<p data-start=\"612\" data-end=\"945\">Hoje, a AlgarveSTP representa uma rede din\u00e2mica que impulsiona projetos de incuba\u00e7\u00e3o, acelera\u00e7\u00e3o, capta\u00e7\u00e3o de investimento e desenvolvimento tecnol\u00f3gico. Al\u00e9m disso, em parceria com entidades nacionais e europeias, a plataforma cria condi\u00e7\u00f5es para que o Algarve se destaque como um territ\u00f3rio inteligente, atrativo e competitivo.<\/p>\n<p data-start=\"947\" data-end=\"995\"><strong data-start=\"947\" data-end=\"995\">Oportunidades para Empreendedores e Empresas<\/strong><\/p>\n<p data-start=\"997\" data-end=\"1349\">A atua\u00e7\u00e3o da AlgarveSTP \u00e9 essencial para promover novas oportunidades a empreendedores, investigadores e empresas que desejam crescer em um ambiente diferenciador. Portanto, facilitando a aproxima\u00e7\u00e3o entre ci\u00eancia, mercado e territ\u00f3rio, a plataforma consolida um modelo de desenvolvimento baseado no conhecimento, colabora\u00e7\u00e3o e internacionaliza\u00e7\u00e3o.<\/p>\n<p data-start=\"1351\" data-end=\"1405\"><strong data-start=\"1351\" data-end=\"1405\">Liga\u00e7\u00e3o entre Setores P\u00fablico, Privado e Acad\u00e9mico<\/strong><\/p>\n<p data-start=\"1407\" data-end=\"1644\">Durante o seu percurso, a entidade criou pontes entre os setores p\u00fablico, privado e acad\u00e9mico. Dessa forma, incentiva a transfer\u00eancia de conhecimento e a aplica\u00e7\u00e3o de solu\u00e7\u00f5es tecnol\u00f3gicas que geram impacto real na regi\u00e3o do Algarve.<\/p>\n<p data-start=\"1646\" data-end=\"1673\"><strong data-start=\"1646\" data-end=\"1673\">Comemora\u00e7\u00e3o dos 20 Anos<\/strong><\/p>\n<p data-start=\"1675\" data-end=\"1926\">Celebrar duas d\u00e9cadas vai al\u00e9m de recordar o passado. A data simboliza o impacto gerado em rede e o compromisso renovado com o futuro. Por isso, para marcar a ocasi\u00e3o, a AlgarveSTP lan\u00e7ou uma nova identidade visual, incluindo um selo comemorativo.<\/p>\n<p data-start=\"1928\" data-end=\"1968\"><strong data-start=\"1928\" data-end=\"1968\">Evento Institucional de Encerramento<\/strong><\/p>\n<p data-start=\"1970\" data-end=\"2272\">A celebra\u00e7\u00e3o culminar\u00e1 em um evento institucional no final do ano. Nesse sentido, o encontro reunir\u00e1 a comunidade, parceiros e agentes do territ\u00f3rio para assinalar, juntos, 20 anos de crescimento, inova\u00e7\u00e3o e desenvolvimento partilhado \u2014 valores que guiar\u00e3o a miss\u00e3o da AlgarveSTP nos pr\u00f3ximos anos.<\/p>","protected":false},"excerpt":{"rendered":"<p>Ao longo das \u00faltimas duas d\u00e9cadas, a AlgarveSTP firmou-se como uma plataforma estrat\u00e9gica para o desenvolvimento do ecossistema de inova\u00e7\u00e3o e tecnologia no Algarve. Fundada com uma vis\u00e3o colaborativa, a organiza\u00e7\u00e3o promove a liga\u00e7\u00e3o entre munic\u00edpios, universidades, empresas e entidades regionais. Assim, juntos, esses atores trabalham para posicionar o Algarve como um polo de excel\u00eancia, [&#8230;]","protected":false},"author":169,"featured_media":1149,"comment_status":"closed","ping_status":"closed","sticky":false,"template":"","format":"standard","meta":{"footnotes":""},"categories":[1],"tags":[36,35,37,38,40,39],"class_list":["post-1148","post","type-post","status-publish","format-standard","has-post-thumbnail","hentry","category-noticias","tag-20-anos","tag-celebrar","tag-duas-decadas","tag-inovacao","tag-lifestyle","tag-tecnologia"],"yoast_head":"<!-- This site is optimized with the Yoast SEO plugin v21.2 - https:\/\/yoast.com\/wordpress\/plugins\/seo\/ -->\n<title>AlgarveSTP 20 anos: celebrar duas d\u00e9cadas de inova\u00e7\u00e3o na regi\u00e3o! - Algarve STP<\/title>\n<meta name=\"description\" content=\"A Algarve STP celebra 20 anos a impulsionar inova\u00e7\u00e3o, tecnologia e colabora\u00e7\u00e3o no Algarve, refor\u00e7ando o seu papel no ecossistema regional.\" \/>\n<meta name=\"robots\" content=\"index, follow, max-snippet:-1, max-image-preview:large, max-video-preview:-1\" \/>\n<link rel=\"canonical\" href=\"https:\/\/algarvestp.pt\/en\/algarve-stp-celebrar-20-anos-inovacao\/\" \/>\n<meta property=\"og:locale\" content=\"en_GB\" \/>\n<meta property=\"og:type\" content=\"article\" \/>\n<meta property=\"og:title\" content=\"AlgarveSTP 20 anos: celebrar duas d\u00e9cadas de inova\u00e7\u00e3o na regi\u00e3o! - Algarve STP\" \/>\n<meta property=\"og:description\" content=\"A Algarve STP celebra 20 anos a impulsionar inova\u00e7\u00e3o, tecnologia e colabora\u00e7\u00e3o no Algarve, refor\u00e7ando o seu papel no ecossistema regional.\" \/>\n<meta property=\"og:url\" content=\"https:\/\/algarvestp.pt\/en\/algarve-stp-celebrar-20-anos-inovacao\/\" \/>\n<meta property=\"og:site_name\" content=\"Algarve STP\" \/>\n<meta property=\"article:published_time\" content=\"2025-07-14T09:38:20+00:00\" \/>\n<meta property=\"og:image\" content=\"https:\/\/algarvestp.pt\/wp-content\/uploads\/2025\/07\/20-Anos-AlgarveSTP.png\" \/>\n\t<meta property=\"og:image:width\" content=\"2160\" \/>\n\t<meta property=\"og:image:height\" content=\"1350\" \/>\n\t<meta property=\"og:image:type\" content=\"image\/png\" \/>\n<meta name=\"author\" content=\"In\u00eas Saleiro\" \/>\n<meta name=\"twitter:card\" content=\"summary_large_image\" \/>\n<meta name=\"twitter:label1\" content=\"Written by\" \/>\n\t<meta name=\"twitter:data1\" content=\"In\u00eas Saleiro\" \/>\n\t<meta name=\"twitter:label2\" content=\"Estimated reading time\" \/>\n\t<meta name=\"twitter:data2\" content=\"2 minutes\" \/>\n<script type=\"application\/ld+json\" class=\"yoast-schema-graph\">{\"@context\":\"https:\/\/schema.org\",\"@graph\":[{\"@type\":\"WebPage\",\"@id\":\"https:\/\/algarvestp.pt\/algarve-stp-celebrar-20-anos-inovacao\/\",\"url\":\"https:\/\/algarvestp.pt\/algarve-stp-celebrar-20-anos-inovacao\/\",\"name\":\"AlgarveSTP 20 anos: celebrar duas d\u00e9cadas de inova\u00e7\u00e3o na regi\u00e3o! - Algarve STP\",\"isPartOf\":{\"@id\":\"https:\/\/algarvestp.pt\/en\/#website\"},\"datePublished\":\"2025-07-14T09:38:20+00:00\",\"dateModified\":\"2025-07-14T09:38:20+00:00\",\"author\":{\"@id\":\"https:\/\/algarvestp.pt\/en\/#\/schema\/person\/a44ff61e1f400ea424da545b18ccfdd1\"},\"description\":\"A Algarve STP celebra 20 anos a impulsionar inova\u00e7\u00e3o, tecnologia e colabora\u00e7\u00e3o no Algarve, refor\u00e7ando o seu papel no ecossistema regional.\",\"breadcrumb\":{\"@id\":\"https:\/\/algarvestp.pt\/algarve-stp-celebrar-20-anos-inovacao\/#breadcrumb\"},\"inLanguage\":\"en-GB\",\"potentialAction\":[{\"@type\":\"ReadAction\",\"target\":[\"https:\/\/algarvestp.pt\/algarve-stp-celebrar-20-anos-inovacao\/\"]}]},{\"@type\":\"BreadcrumbList\",\"@id\":\"https:\/\/algarvestp.pt\/algarve-stp-celebrar-20-anos-inovacao\/#breadcrumb\",\"itemListElement\":[{\"@type\":\"ListItem\",\"position\":1,\"name\":\"Home\",\"item\":\"https:\/\/algarvestp.pt\/\"},{\"@type\":\"ListItem\",\"position\":2,\"name\":\"AlgarveSTP 20 anos: celebrar duas d\u00e9cadas de inova\u00e7\u00e3o na regi\u00e3o!\"}]},{\"@type\":\"WebSite\",\"@id\":\"https:\/\/algarvestp.pt\/en\/#website\",\"url\":\"https:\/\/algarvestp.pt\/en\/\",\"name\":\"Algarve STP\",\"description\":\"Algarve Systems and Technology Partnership\",\"potentialAction\":[{\"@type\":\"SearchAction\",\"target\":{\"@type\":\"EntryPoint\",\"urlTemplate\":\"https:\/\/algarvestp.pt\/en\/?s={search_term_string}\"},\"query-input\":\"required name=search_term_string\"}],\"inLanguage\":\"en-GB\"},{\"@type\":\"Person\",\"@id\":\"https:\/\/algarvestp.pt\/en\/#\/schema\/person\/a44ff61e1f400ea424da545b18ccfdd1\",\"name\":\"In\u00eas Saleiro\",\"image\":{\"@type\":\"ImageObject\",\"inLanguage\":\"en-GB\",\"@id\":\"https:\/\/algarvestp.pt\/en\/#\/schema\/person\/image\/\",\"url\":\"https:\/\/algarvestp.pt\/wp-content\/plugins\/buddypress\/bp-core\/images\/mystery-man.jpg\",\"contentUrl\":\"https:\/\/algarvestp.pt\/wp-content\/plugins\/buddypress\/bp-core\/images\/mystery-man.jpg\",\"caption\":\"In\u00eas Saleiro\"},\"url\":\"https:\/\/algarvestp.pt\/en\/members\/marketing\/\"}]}<\/script>\n<!-- \/ Yoast SEO plugin. -->","yoast_head_json":{"title":"AlgarveSTP 20 anos: celebrar duas d\u00e9cadas de inova\u00e7\u00e3o na regi\u00e3o! - Algarve STP","description":"A Algarve STP celebra 20 anos a impulsionar inova\u00e7\u00e3o, tecnologia e colabora\u00e7\u00e3o no Algarve, refor\u00e7ando o seu papel no ecossistema regional.","robots":{"index":"index","follow":"follow","max-snippet":"max-snippet:-1","max-image-preview":"max-image-preview:large","max-video-preview":"max-video-preview:-1"},"canonical":"https:\/\/algarvestp.pt\/en\/algarve-stp-celebrar-20-anos-inovacao\/","og_locale":"en_GB","og_type":"article","og_title":"AlgarveSTP 20 anos: celebrar duas d\u00e9cadas de inova\u00e7\u00e3o na regi\u00e3o! - Algarve STP","og_description":"A Algarve STP celebra 20 anos a impulsionar inova\u00e7\u00e3o, tecnologia e colabora\u00e7\u00e3o no Algarve, refor\u00e7ando o seu papel no ecossistema regional.","og_url":"https:\/\/algarvestp.pt\/en\/algarve-stp-celebrar-20-anos-inovacao\/","og_site_name":"Algarve STP","article_published_time":"2025-07-14T09:38:20+00:00","og_image":[{"width":2160,"height":1350,"url":"https:\/\/algarvestp.pt\/wp-content\/uploads\/2025\/07\/20-Anos-AlgarveSTP.png","type":"image\/png"}],"author":"In\u00eas Saleiro","twitter_card":"summary_large_image","twitter_misc":{"Written by":"In\u00eas Saleiro","Estimated reading time":"2 minutes"},"schema":{"@context":"https:\/\/schema.org","@graph":[{"@type":"WebPage","@id":"https:\/\/algarvestp.pt\/algarve-stp-celebrar-20-anos-inovacao\/","url":"https:\/\/algarvestp.pt\/algarve-stp-celebrar-20-anos-inovacao\/","name":"AlgarveSTP 20 anos: celebrar duas d\u00e9cadas de inova\u00e7\u00e3o na regi\u00e3o! - Algarve STP","isPartOf":{"@id":"https:\/\/algarvestp.pt\/en\/#website"},"datePublished":"2025-07-14T09:38:20+00:00","dateModified":"2025-07-14T09:38:20+00:00","author":{"@id":"https:\/\/algarvestp.pt\/en\/#\/schema\/person\/a44ff61e1f400ea424da545b18ccfdd1"},"description":"A Algarve STP celebra 20 anos a impulsionar inova\u00e7\u00e3o, tecnologia e colabora\u00e7\u00e3o no Algarve, refor\u00e7ando o seu papel no ecossistema regional.","breadcrumb":{"@id":"https:\/\/algarvestp.pt\/algarve-stp-celebrar-20-anos-inovacao\/#breadcrumb"},"inLanguage":"en-GB","potentialAction":[{"@type":"ReadAction","target":["https:\/\/algarvestp.pt\/algarve-stp-celebrar-20-anos-inovacao\/"]}]},{"@type":"BreadcrumbList","@id":"https:\/\/algarvestp.pt\/algarve-stp-celebrar-20-anos-inovacao\/#breadcrumb","itemListElement":[{"@type":"ListItem","position":1,"name":"Home","item":"https:\/\/algarvestp.pt\/"},{"@type":"ListItem","position":2,"name":"AlgarveSTP 20 anos: celebrar duas d\u00e9cadas de inova\u00e7\u00e3o na regi\u00e3o!"}]},{"@type":"WebSite","@id":"https:\/\/algarvestp.pt\/en\/#website","url":"https:\/\/algarvestp.pt\/en\/","name":"Algarve STP","description":"Algarve Systems and Technology Partnership","potentialAction":[{"@type":"SearchAction","target":{"@type":"EntryPoint","urlTemplate":"https:\/\/algarvestp.pt\/en\/?s={search_term_string}"},"query-input":"required name=search_term_string"}],"inLanguage":"en-GB"},{"@type":"Person","@id":"https:\/\/algarvestp.pt\/en\/#\/schema\/person\/a44ff61e1f400ea424da545b18ccfdd1","name":"In\u00eas Saleiro","image":{"@type":"ImageObject","inLanguage":"en-GB","@id":"https:\/\/algarvestp.pt\/en\/#\/schema\/person\/image\/","url":"https:\/\/algarvestp.pt\/wp-content\/plugins\/buddypress\/bp-core\/images\/mystery-man.jpg","contentUrl":"https:\/\/algarvestp.pt\/wp-content\/plugins\/buddypress\/bp-core\/images\/mystery-man.jpg","caption":"In\u00eas Saleiro"},"url":"https:\/\/algarvestp.pt\/en\/members\/marketing\/"}]}},"_links":{"self":[{"href":"https:\/\/algarvestp.pt\/en\/wp-json\/wp\/v2\/posts\/1148","targetHints":{"allow":["GET"]}}],"collection":[{"href":"https:\/\/algarvestp.pt\/en\/wp-json\/wp\/v2\/posts"}],"about":[{"href":"https:\/\/algarvestp.pt\/en\/wp-json\/wp\/v2\/types\/post"}],"author":[{"embeddable":true,"href":"https:\/\/algarvestp.pt\/en\/wp-json\/wp\/v2\/users\/169"}],"replies":[{"embeddable":true,"href":"https:\/\/algarvestp.pt\/en\/wp-json\/wp\/v2\/comments?post=1148"}],"version-history":[{"count":3,"href":"https:\/\/algarvestp.pt\/en\/wp-json\/wp\/v2\/posts\/1148\/revisions"}],"predecessor-version":[{"id":1152,"href":"https:\/\/algarvestp.pt\/en\/wp-json\/wp\/v2\/posts\/1148\/revisions\/1152"}],"wp:featuredmedia":[{"embeddable":true,"href":"https:\/\/algarvestp.pt\/en\/wp-json\/wp\/v2\/media\/1149"}],"wp:attachment":[{"href":"https:\/\/algarvestp.pt\/en\/wp-json\/wp\/v2\/media?parent=1148"}],"wp:term":[{"taxonomy":"category","embeddable":true,"href":"https:\/\/algarvestp.pt\/en\/wp-json\/wp\/v2\/categories?post=1148"},{"taxonomy":"post_tag","embeddable":true,"href":"https:\/\/algarvestp.pt\/en\/wp-json\/wp\/v2\/tags?post=1148"}],"curies":[{"name":"wp","href":"https:\/\/api.w.org\/{rel}","templated":true}]}}