{"id":1180,"date":"2025-08-06T16:45:15","date_gmt":"2025-08-06T16:45:15","guid":{"rendered":"https:\/\/algarvestp.pt\/?p=1180"},"modified":"2025-08-07T09:46:15","modified_gmt":"2025-08-07T09:46:15","slug":"algarve-a-europa-transicao-digital-europeia","status":"publish","type":"post","link":"https:\/\/algarvestp.pt\/en\/algarve-a-europa-transicao-digital-europeia\/","title":{"rendered":"Do Algarve \u00e0 Europa Digital: Um Futuro em Constru\u00e7\u00e3o"},"content":{"rendered":"<p>Vivemos uma d\u00e9cada determinante para o futuro digital da Europa e o Algarve acompanha este movimento. O mais recente <strong><a href=\"https:\/\/digital-strategy.ec.europa.eu\/pt\/library\/state-digital-decade-2025-report\">relat\u00f3rio da Comiss\u00e3o Europeia sobre o progresso digital<\/a><\/strong> destaca o caminho que Portugal tem vindo a percorrer, mas tamb\u00e9m os desafios que permanecem. As oportunidades que se abrem a sul s\u00e3o claras, mas exigem compromisso, vis\u00e3o e investimento sustentado.<\/p>\n<h4 data-start=\"688\" data-end=\"743\"><strong>Portugal Digital: Avan\u00e7os Reais, Desafios Presentes<\/strong><\/h4>\n<p data-start=\"745\" data-end=\"984\">Portugal tem metas ambiciosas at\u00e9 2030 e os resultados alcan\u00e7ados n\u00e3o devem ser subestimados: cobertura 5G de 98,7%, fibra \u00f3tica dispon\u00edvel para 93,2% da popula\u00e7\u00e3o, acessibilidade a quase todos os registos de sa\u00fade eletr\u00f3nicos e uma administra\u00e7\u00e3o p\u00fablica cada vez mais digital.<\/p>\n<p data-start=\"745\" data-end=\"984\">Ainda assim, a transforma\u00e7\u00e3o encontra-se longe de estar conclu\u00edda e os desafios, persistem. A ado\u00e7\u00e3o de intelig\u00eancia artificial pelas empresas continua t\u00edmida, mesmo quando a intensidade digital das PME se apresenta ligeiramente acima da m\u00e9dia europeia. Por outro lado, as startups continuam a enfrentar s\u00e9rias dificuldades no acesso a financiamento, sobretudo nas fases de crescimento e escala.<\/p>\n<p data-start=\"745\" data-end=\"984\">A nova Estrat\u00e9gia Digital Nacional (2024) \u00e9 um passo importante, com mais de 2 mil milh\u00f5es de euros mobilizados, mas ser\u00e1 suficiente se n\u00e3o for acompanhada de a\u00e7\u00e3o local eficaz, uma rede colaborativa e capacidade de resposta aos desafios espec\u00edficos de cada regi\u00e3o?<\/p>\n<h4 data-start=\"688\" data-end=\"743\"><strong>Algarve Digital: Progresso com Identidade<\/strong><\/h4>\n<p>Embora os dados regionais n\u00e3o estejam detalhados no relat\u00f3rio europeu, o Algarve tem dado sinais positivos na constru\u00e7\u00e3o de um ecossistema digital mais robusto.<\/p>\n<p><strong data-start=\"301\" data-end=\"351\">\ud83e\udd49 | 3.\u00ba lugar no \u00cdndice Digital Regional (2023)<\/strong><br data-start=\"351\" data-end=\"354\" \/>A infraestrutura digital da regi\u00e3o \u00e9 uma base s\u00f3lida para o desenvolvimento, mas \u00e9 necess\u00e1rio garantir que se traduz em valor econ\u00f3mico e social.<\/p>\n<p><strong data-start=\"515\" data-end=\"570\">\ud83c\udf10 | Albufeira entre as \u201cTop 20 Digital Cities 2025\u201d<\/strong><br data-start=\"570\" data-end=\"573\" \/>Combinando qualidade de vida e conectividade, a cidade atrai talento e inova\u00e7\u00e3o para n\u00f3madas digitais e startups, mas a atratividade deve ser acompanhada por um ecossistema que sustente a perman\u00eancia e o crescimento dessas iniciativas.<\/p>\n<p><strong data-start=\"743\" data-end=\"790\">\ud83e\udd1d | Projeto RIA \u2013 Regi\u00e3o Inteligente Algarve<\/strong><br data-start=\"790\" data-end=\"793\" \/>Um esfor\u00e7o relevante de coopera\u00e7\u00e3o institucional que coloca o Algarve no caminho certo, ainda que precise de ser escalado e refor\u00e7ado com recursos, dados e continuidade estrat\u00e9gica.<\/p>\n<h4 data-start=\"688\" data-end=\"743\"><strong>Oportunidades Digitais para a Regi\u00e3o<\/strong><\/h4>\n<p data-start=\"688\" data-end=\"743\">A transi\u00e7\u00e3o digital n\u00e3o \u00e9 apenas uma meta europeia. \u00c9, acima de tudo, uma responsabilidade local e uma oportunidade concreta para moldar o futuro da regi\u00e3o.<\/p>\n<p data-start=\"688\" data-end=\"743\">Nesse sentido, h\u00e1 ainda um grande caminho a percorrer:<\/p>\n<ul>\n<li data-start=\"688\" data-end=\"743\">Capacitar PME e startups com tecnologia avan\u00e7ada;<\/li>\n<li data-start=\"2236\" data-end=\"2439\">Expandir o acesso digital fora dos centros urbanos;<\/li>\n<li data-start=\"2236\" data-end=\"2439\">Atrair talento, redes e investimento europeu;<\/li>\n<li data-start=\"2236\" data-end=\"2439\">Promover literacia digital intergeracional;<\/li>\n<li data-start=\"2236\" data-end=\"2439\">Desenvolver novas infraestruturas f\u00edsicas e digitais;<\/li>\n<li data-start=\"2236\" data-end=\"2439\">Refor\u00e7ar o ecossistema de scale-ups, melhorando o ambiente de neg\u00f3cio e o acesso ao financiamento;<\/li>\n<li data-start=\"2236\" data-end=\"2439\">Direcionar o apoio p\u00fablico \u00e0 I&amp;D empresarial, fomentando solu\u00e7\u00f5es inovadoras com impacto econ\u00f3mico e social;<\/li>\n<\/ul>\n<p data-start=\"2441\" data-end=\"2648\">O Algarve tem as condi\u00e7\u00f5es ideais para se posicionar na vanguarda da transforma\u00e7\u00e3o digital, como uma regi\u00e3o inteligente, sustent\u00e1vel e conectada, mas essa ambi\u00e7\u00e3o s\u00f3 se concretiza com um investimento estrat\u00e9gico real, inclusivo e continuado.<\/p>\n<div class=\"is-divider divider clearfix\" style=\"max-width:247px;\"><\/div>\n<h4><strong>O compromisso da AlgarveSTP<\/strong><\/h4>\n<p>Na AlgarveSTP, acreditamos que o desenvolvimento digital da regi\u00e3o deve ser constru\u00eddo com base na ci\u00eancia, na tecnologia e nas pessoas. Criamos pontes, fomentamos parcerias e desenvolvemos solu\u00e7\u00f5es que refor\u00e7am a competitividade regional com uma vis\u00e3o europeia.<\/p>\n<p>Muito foi feito, mas o futuro ainda est\u00e1 por construir, e \u00e9 com esse sentido de miss\u00e3o que continuamos a trabalhar todos os dias.<\/p>","protected":false},"excerpt":{"rendered":"<p>Vivemos uma d\u00e9cada determinante para o futuro digital da Europa e o Algarve acompanha este movimento. O mais recente relat\u00f3rio da Comiss\u00e3o Europeia sobre o progresso digital destaca o caminho que Portugal tem vindo a percorrer, mas tamb\u00e9m os desafios que permanecem. As oportunidades que se abrem a sul s\u00e3o claras, mas exigem compromisso, vis\u00e3o [&#8230;]","protected":false},"author":169,"featured_media":1196,"comment_status":"closed","ping_status":"closed","sticky":false,"template":"","format":"standard","meta":{"footnotes":""},"categories":[1],"tags":[],"class_list":["post-1180","post","type-post","status-publish","format-standard","has-post-thumbnail","hentry","category-noticias"],"yoast_head":"<!-- This site is optimized with the Yoast SEO plugin v21.2 - https:\/\/yoast.com\/wordpress\/plugins\/seo\/ -->\n<title>Do Algarve \u00e0 Europa Digital: Um Futuro em Constru\u00e7\u00e3o - Algarve STP<\/title>\n<meta name=\"description\" content=\"Transi\u00e7\u00e3o digital no Algarve: conhe\u00e7a os projetos, oportunidades e estrat\u00e9gias que est\u00e3o a ligar a regi\u00e3o ao futuro digital da Europa.\" \/>\n<meta name=\"robots\" content=\"index, follow, max-snippet:-1, max-image-preview:large, max-video-preview:-1\" \/>\n<link rel=\"canonical\" href=\"https:\/\/algarvestp.pt\/en\/algarve-a-europa-transicao-digital-europeia\/\" \/>\n<meta property=\"og:locale\" content=\"en_GB\" \/>\n<meta property=\"og:type\" content=\"article\" \/>\n<meta property=\"og:title\" content=\"Do Algarve \u00e0 Europa Digital: Um Futuro em Constru\u00e7\u00e3o - Algarve STP\" \/>\n<meta property=\"og:description\" content=\"Transi\u00e7\u00e3o digital no Algarve: conhe\u00e7a os projetos, oportunidades e estrat\u00e9gias que est\u00e3o a ligar a regi\u00e3o ao futuro digital da Europa.\" \/>\n<meta property=\"og:url\" content=\"https:\/\/algarvestp.pt\/en\/algarve-a-europa-transicao-digital-europeia\/\" \/>\n<meta property=\"og:site_name\" content=\"Algarve STP\" \/>\n<meta property=\"article:published_time\" content=\"2025-08-06T16:45:15+00:00\" \/>\n<meta property=\"article:modified_time\" content=\"2025-08-07T09:46:15+00:00\" \/>\n<meta property=\"og:image\" content=\"https:\/\/algarvestp.pt\/wp-content\/uploads\/2025\/08\/Design-sem-nome-6.png\" \/>\n\t<meta property=\"og:image:width\" content=\"1366\" \/>\n\t<meta property=\"og:image:height\" content=\"768\" \/>\n\t<meta property=\"og:image:type\" content=\"image\/png\" \/>\n<meta name=\"author\" content=\"In\u00eas Saleiro\" \/>\n<meta name=\"twitter:card\" content=\"summary_large_image\" \/>\n<meta name=\"twitter:label1\" content=\"Written by\" \/>\n\t<meta name=\"twitter:data1\" content=\"In\u00eas Saleiro\" \/>\n\t<meta name=\"twitter:label2\" content=\"Estimated reading time\" \/>\n\t<meta name=\"twitter:data2\" content=\"4 minutes\" \/>\n<script type=\"application\/ld+json\" class=\"yoast-schema-graph\">{\"@context\":\"https:\/\/schema.org\",\"@graph\":[{\"@type\":\"WebPage\",\"@id\":\"https:\/\/algarvestp.pt\/algarve-a-europa-transicao-digital-europeia\/\",\"url\":\"https:\/\/algarvestp.pt\/algarve-a-europa-transicao-digital-europeia\/\",\"name\":\"Do Algarve \u00e0 Europa Digital: Um Futuro em Constru\u00e7\u00e3o - Algarve STP\",\"isPartOf\":{\"@id\":\"https:\/\/algarvestp.pt\/en\/#website\"},\"datePublished\":\"2025-08-06T16:45:15+00:00\",\"dateModified\":\"2025-08-07T09:46:15+00:00\",\"author\":{\"@id\":\"https:\/\/algarvestp.pt\/en\/#\/schema\/person\/a44ff61e1f400ea424da545b18ccfdd1\"},\"description\":\"Transi\u00e7\u00e3o digital no Algarve: conhe\u00e7a os projetos, oportunidades e estrat\u00e9gias que est\u00e3o a ligar a regi\u00e3o ao futuro digital da Europa.\",\"breadcrumb\":{\"@id\":\"https:\/\/algarvestp.pt\/algarve-a-europa-transicao-digital-europeia\/#breadcrumb\"},\"inLanguage\":\"en-GB\",\"potentialAction\":[{\"@type\":\"ReadAction\",\"target\":[\"https:\/\/algarvestp.pt\/algarve-a-europa-transicao-digital-europeia\/\"]}]},{\"@type\":\"BreadcrumbList\",\"@id\":\"https:\/\/algarvestp.pt\/algarve-a-europa-transicao-digital-europeia\/#breadcrumb\",\"itemListElement\":[{\"@type\":\"ListItem\",\"position\":1,\"name\":\"Home\",\"item\":\"https:\/\/algarvestp.pt\/\"},{\"@type\":\"ListItem\",\"position\":2,\"name\":\"Do Algarve \u00e0 Europa Digital: Um Futuro em Constru\u00e7\u00e3o\"}]},{\"@type\":\"WebSite\",\"@id\":\"https:\/\/algarvestp.pt\/en\/#website\",\"url\":\"https:\/\/algarvestp.pt\/en\/\",\"name\":\"Algarve STP\",\"description\":\"Algarve Systems and Technology Partnership\",\"potentialAction\":[{\"@type\":\"SearchAction\",\"target\":{\"@type\":\"EntryPoint\",\"urlTemplate\":\"https:\/\/algarvestp.pt\/en\/?s={search_term_string}\"},\"query-input\":\"required name=search_term_string\"}],\"inLanguage\":\"en-GB\"},{\"@type\":\"Person\",\"@id\":\"https:\/\/algarvestp.pt\/en\/#\/schema\/person\/a44ff61e1f400ea424da545b18ccfdd1\",\"name\":\"In\u00eas Saleiro\",\"image\":{\"@type\":\"ImageObject\",\"inLanguage\":\"en-GB\",\"@id\":\"https:\/\/algarvestp.pt\/en\/#\/schema\/person\/image\/\",\"url\":\"https:\/\/algarvestp.pt\/wp-content\/plugins\/buddypress\/bp-core\/images\/mystery-man.jpg\",\"contentUrl\":\"https:\/\/algarvestp.pt\/wp-content\/plugins\/buddypress\/bp-core\/images\/mystery-man.jpg\",\"caption\":\"In\u00eas Saleiro\"},\"url\":\"https:\/\/algarvestp.pt\/en\/members\/marketing\/\"}]}<\/script>\n<!-- \/ Yoast SEO plugin. -->","yoast_head_json":{"title":"Do Algarve \u00e0 Europa Digital: Um Futuro em Constru\u00e7\u00e3o - Algarve STP","description":"Transi\u00e7\u00e3o digital no Algarve: conhe\u00e7a os projetos, oportunidades e estrat\u00e9gias que est\u00e3o a ligar a regi\u00e3o ao futuro digital da Europa.","robots":{"index":"index","follow":"follow","max-snippet":"max-snippet:-1","max-image-preview":"max-image-preview:large","max-video-preview":"max-video-preview:-1"},"canonical":"https:\/\/algarvestp.pt\/en\/algarve-a-europa-transicao-digital-europeia\/","og_locale":"en_GB","og_type":"article","og_title":"Do Algarve \u00e0 Europa Digital: Um Futuro em Constru\u00e7\u00e3o - Algarve STP","og_description":"Transi\u00e7\u00e3o digital no Algarve: conhe\u00e7a os projetos, oportunidades e estrat\u00e9gias que est\u00e3o a ligar a regi\u00e3o ao futuro digital da Europa.","og_url":"https:\/\/algarvestp.pt\/en\/algarve-a-europa-transicao-digital-europeia\/","og_site_name":"Algarve STP","article_published_time":"2025-08-06T16:45:15+00:00","article_modified_time":"2025-08-07T09:46:15+00:00","og_image":[{"width":1366,"height":768,"url":"https:\/\/algarvestp.pt\/wp-content\/uploads\/2025\/08\/Design-sem-nome-6.png","type":"image\/png"}],"author":"In\u00eas Saleiro","twitter_card":"summary_large_image","twitter_misc":{"Written by":"In\u00eas Saleiro","Estimated reading time":"4 minutes"},"schema":{"@context":"https:\/\/schema.org","@graph":[{"@type":"WebPage","@id":"https:\/\/algarvestp.pt\/algarve-a-europa-transicao-digital-europeia\/","url":"https:\/\/algarvestp.pt\/algarve-a-europa-transicao-digital-europeia\/","name":"Do Algarve \u00e0 Europa Digital: Um Futuro em Constru\u00e7\u00e3o - Algarve STP","isPartOf":{"@id":"https:\/\/algarvestp.pt\/en\/#website"},"datePublished":"2025-08-06T16:45:15+00:00","dateModified":"2025-08-07T09:46:15+00:00","author":{"@id":"https:\/\/algarvestp.pt\/en\/#\/schema\/person\/a44ff61e1f400ea424da545b18ccfdd1"},"description":"Transi\u00e7\u00e3o digital no Algarve: conhe\u00e7a os projetos, oportunidades e estrat\u00e9gias que est\u00e3o a ligar a regi\u00e3o ao futuro digital da Europa.","breadcrumb":{"@id":"https:\/\/algarvestp.pt\/algarve-a-europa-transicao-digital-europeia\/#breadcrumb"},"inLanguage":"en-GB","potentialAction":[{"@type":"ReadAction","target":["https:\/\/algarvestp.pt\/algarve-a-europa-transicao-digital-europeia\/"]}]},{"@type":"BreadcrumbList","@id":"https:\/\/algarvestp.pt\/algarve-a-europa-transicao-digital-europeia\/#breadcrumb","itemListElement":[{"@type":"ListItem","position":1,"name":"Home","item":"https:\/\/algarvestp.pt\/"},{"@type":"ListItem","position":2,"name":"Do Algarve \u00e0 Europa Digital: Um Futuro em Constru\u00e7\u00e3o"}]},{"@type":"WebSite","@id":"https:\/\/algarvestp.pt\/en\/#website","url":"https:\/\/algarvestp.pt\/en\/","name":"Algarve STP","description":"Algarve Systems and Technology Partnership","potentialAction":[{"@type":"SearchAction","target":{"@type":"EntryPoint","urlTemplate":"https:\/\/algarvestp.pt\/en\/?s={search_term_string}"},"query-input":"required name=search_term_string"}],"inLanguage":"en-GB"},{"@type":"Person","@id":"https:\/\/algarvestp.pt\/en\/#\/schema\/person\/a44ff61e1f400ea424da545b18ccfdd1","name":"In\u00eas Saleiro","image":{"@type":"ImageObject","inLanguage":"en-GB","@id":"https:\/\/algarvestp.pt\/en\/#\/schema\/person\/image\/","url":"https:\/\/algarvestp.pt\/wp-content\/plugins\/buddypress\/bp-core\/images\/mystery-man.jpg","contentUrl":"https:\/\/algarvestp.pt\/wp-content\/plugins\/buddypress\/bp-core\/images\/mystery-man.jpg","caption":"In\u00eas Saleiro"},"url":"https:\/\/algarvestp.pt\/en\/members\/marketing\/"}]}},"_links":{"self":[{"href":"https:\/\/algarvestp.pt\/en\/wp-json\/wp\/v2\/posts\/1180","targetHints":{"allow":["GET"]}}],"collection":[{"href":"https:\/\/algarvestp.pt\/en\/wp-json\/wp\/v2\/posts"}],"about":[{"href":"https:\/\/algarvestp.pt\/en\/wp-json\/wp\/v2\/types\/post"}],"author":[{"embeddable":true,"href":"https:\/\/algarvestp.pt\/en\/wp-json\/wp\/v2\/users\/169"}],"replies":[{"embeddable":true,"href":"https:\/\/algarvestp.pt\/en\/wp-json\/wp\/v2\/comments?post=1180"}],"version-history":[{"count":12,"href":"https:\/\/algarvestp.pt\/en\/wp-json\/wp\/v2\/posts\/1180\/revisions"}],"predecessor-version":[{"id":1199,"href":"https:\/\/algarvestp.pt\/en\/wp-json\/wp\/v2\/posts\/1180\/revisions\/1199"}],"wp:featuredmedia":[{"embeddable":true,"href":"https:\/\/algarvestp.pt\/en\/wp-json\/wp\/v2\/media\/1196"}],"wp:attachment":[{"href":"https:\/\/algarvestp.pt\/en\/wp-json\/wp\/v2\/media?parent=1180"}],"wp:term":[{"taxonomy":"category","embeddable":true,"href":"https:\/\/algarvestp.pt\/en\/wp-json\/wp\/v2\/categories?post=1180"},{"taxonomy":"post_tag","embeddable":true,"href":"https:\/\/algarvestp.pt\/en\/wp-json\/wp\/v2\/tags?post=1180"}],"curies":[{"name":"wp","href":"https:\/\/api.w.org\/{rel}","templated":true}]}}