{"id":1288,"date":"2026-02-11T16:57:38","date_gmt":"2026-02-11T16:57:38","guid":{"rendered":"https:\/\/algarvestp.pt\/?p=1288"},"modified":"2026-02-11T17:05:51","modified_gmt":"2026-02-11T17:05:51","slug":"nota-de-pesar-jose-carlos-rolo","status":"publish","type":"post","link":"https:\/\/algarvestp.pt\/en\/nota-de-pesar-jose-carlos-rolo\/","title":{"rendered":"Nota de Pesar pelo falecimento de Jos\u00e9 Carlos Rolo"},"content":{"rendered":"<div id=\"text-3975758698\" class=\"text\">\n\t\t\n<p data-start=\"1140\" data-end=\"1381\">\u00c9 com profundo pesar que a AlgarveSTP \u2013 Systems and Technology Partnerships toma conhecimento do falecimento de Jos\u00e9 Carlos Rolo, anterior Presidente da C\u00e2mara Municipal de Albufeira e antigo membro dos \u00f3rg\u00e3os sociais da nossa associa\u00e7\u00e3o durante v\u00e1rios anos.<\/p>\n<p data-start=\"1383\" data-end=\"1700\">Em representa\u00e7\u00e3o do Munic\u00edpio de Albufeira, Jos\u00e9 Carlos Rolo integrou a Dire\u00e7\u00e3o da AlgarveSTP como vogal e, mais recentemente, exerceu ainda fun\u00e7\u00f5es enquanto Presidente do Conselho Fiscal. O seu envolvimento ativo e cont\u00ednuo refletiu um compromisso firme com a constru\u00e7\u00e3o de uma regi\u00e3o mais colaborativa, inovadora e conectada.<\/p>\n<p data-start=\"1702\" data-end=\"1934\">A sua participa\u00e7\u00e3o contribuiu para o fortalecimento da miss\u00e3o da AlgarveSTP, com um papel estruturante no ecossistema regional de inova\u00e7\u00e3o e empreendedorismo.<\/p>\n<p data-start=\"1936\" data-end=\"2190\" data-is-last-node=\"\" data-is-only-node=\"\">\u00c0 fam\u00edlia, amigos e a todos os que com ele partilharam este caminho, endere\u00e7amos as nossas mais sentidas condol\u00eancias.<\/p>\n<p data-start=\"1936\" data-end=\"2190\" data-is-last-node=\"\" data-is-only-node=\"\">A sua mem\u00f3ria permanece viva no percurso coletivo que ajudou a construir e na vis\u00e3o de um Algarve preparado para os desafios do futuro.<\/p>\n<p data-start=\"1936\" data-end=\"2190\" data-is-last-node=\"\" data-is-only-node=\"\">O Presidente da Dire\u00e7\u00e3o da AlgarveSTP,<br \/>\nEfig\u00e9nio Rebelo.<\/p>\n\t\t\n<style>\n#text-3975758698 {\n  text-align: left;\n}\n<\/style>\n\t<\/div>","protected":false},"excerpt":{"rendered":"","protected":false},"author":169,"featured_media":1291,"comment_status":"closed","ping_status":"closed","sticky":false,"template":"","format":"standard","meta":{"footnotes":""},"categories":[1],"tags":[],"class_list":["post-1288","post","type-post","status-publish","format-standard","has-post-thumbnail","hentry","category-noticias"],"yoast_head":"<!-- This site is optimized with the Yoast SEO plugin v21.2 - https:\/\/yoast.com\/wordpress\/plugins\/seo\/ -->\n<title>Nota de Pesar pelo falecimento de Jos\u00e9 Carlos Rolo - Algarve STP<\/title>\n<meta name=\"robots\" content=\"index, follow, max-snippet:-1, max-image-preview:large, max-video-preview:-1\" \/>\n<link rel=\"canonical\" href=\"https:\/\/algarvestp.pt\/en\/nota-de-pesar-jose-carlos-rolo\/\" \/>\n<meta property=\"og:locale\" content=\"en_GB\" \/>\n<meta property=\"og:type\" content=\"article\" \/>\n<meta property=\"og:title\" content=\"Nota de Pesar pelo falecimento de Jos\u00e9 Carlos Rolo - Algarve STP\" \/>\n<meta property=\"og:url\" content=\"https:\/\/algarvestp.pt\/en\/nota-de-pesar-jose-carlos-rolo\/\" \/>\n<meta property=\"og:site_name\" content=\"Algarve STP\" \/>\n<meta property=\"article:published_time\" content=\"2026-02-11T16:57:38+00:00\" \/>\n<meta property=\"article:modified_time\" content=\"2026-02-11T17:05:51+00:00\" \/>\n<meta property=\"og:image\" content=\"https:\/\/algarvestp.pt\/wp-content\/uploads\/2026\/02\/Design-sem-nome-11.png\" \/>\n\t<meta property=\"og:image:width\" content=\"1366\" \/>\n\t<meta property=\"og:image:height\" content=\"768\" \/>\n\t<meta property=\"og:image:type\" content=\"image\/png\" \/>\n<meta name=\"author\" content=\"In\u00eas Saleiro\" \/>\n<meta name=\"twitter:card\" content=\"summary_large_image\" \/>\n<meta name=\"twitter:label1\" content=\"Written by\" \/>\n\t<meta name=\"twitter:data1\" content=\"In\u00eas Saleiro\" \/>\n\t<meta name=\"twitter:label2\" content=\"Estimated reading time\" \/>\n\t<meta name=\"twitter:data2\" content=\"1 minute\" \/>\n<script type=\"application\/ld+json\" class=\"yoast-schema-graph\">{\"@context\":\"https:\/\/schema.org\",\"@graph\":[{\"@type\":\"WebPage\",\"@id\":\"https:\/\/algarvestp.pt\/nota-de-pesar-jose-carlos-rolo\/\",\"url\":\"https:\/\/algarvestp.pt\/nota-de-pesar-jose-carlos-rolo\/\",\"name\":\"Nota de Pesar pelo falecimento de Jos\u00e9 Carlos Rolo - Algarve STP\",\"isPartOf\":{\"@id\":\"https:\/\/algarvestp.pt\/en\/#website\"},\"datePublished\":\"2026-02-11T16:57:38+00:00\",\"dateModified\":\"2026-02-11T17:05:51+00:00\",\"author\":{\"@id\":\"https:\/\/algarvestp.pt\/en\/#\/schema\/person\/a44ff61e1f400ea424da545b18ccfdd1\"},\"breadcrumb\":{\"@id\":\"https:\/\/algarvestp.pt\/nota-de-pesar-jose-carlos-rolo\/#breadcrumb\"},\"inLanguage\":\"en-GB\",\"potentialAction\":[{\"@type\":\"ReadAction\",\"target\":[\"https:\/\/algarvestp.pt\/nota-de-pesar-jose-carlos-rolo\/\"]}]},{\"@type\":\"BreadcrumbList\",\"@id\":\"https:\/\/algarvestp.pt\/nota-de-pesar-jose-carlos-rolo\/#breadcrumb\",\"itemListElement\":[{\"@type\":\"ListItem\",\"position\":1,\"name\":\"Home\",\"item\":\"https:\/\/algarvestp.pt\/\"},{\"@type\":\"ListItem\",\"position\":2,\"name\":\"Nota de Pesar pelo falecimento de Jos\u00e9 Carlos Rolo\"}]},{\"@type\":\"WebSite\",\"@id\":\"https:\/\/algarvestp.pt\/en\/#website\",\"url\":\"https:\/\/algarvestp.pt\/en\/\",\"name\":\"Algarve STP\",\"description\":\"Algarve Systems and Technology Partnership\",\"potentialAction\":[{\"@type\":\"SearchAction\",\"target\":{\"@type\":\"EntryPoint\",\"urlTemplate\":\"https:\/\/algarvestp.pt\/en\/?s={search_term_string}\"},\"query-input\":\"required name=search_term_string\"}],\"inLanguage\":\"en-GB\"},{\"@type\":\"Person\",\"@id\":\"https:\/\/algarvestp.pt\/en\/#\/schema\/person\/a44ff61e1f400ea424da545b18ccfdd1\",\"name\":\"In\u00eas Saleiro\",\"image\":{\"@type\":\"ImageObject\",\"inLanguage\":\"en-GB\",\"@id\":\"https:\/\/algarvestp.pt\/en\/#\/schema\/person\/image\/\",\"url\":\"https:\/\/algarvestp.pt\/wp-content\/plugins\/buddypress\/bp-core\/images\/mystery-man.jpg\",\"contentUrl\":\"https:\/\/algarvestp.pt\/wp-content\/plugins\/buddypress\/bp-core\/images\/mystery-man.jpg\",\"caption\":\"In\u00eas Saleiro\"},\"url\":\"https:\/\/algarvestp.pt\/en\/members\/marketing\/\"}]}<\/script>\n<!-- \/ Yoast SEO plugin. -->","yoast_head_json":{"title":"Nota de Pesar pelo falecimento de Jos\u00e9 Carlos Rolo - Algarve STP","robots":{"index":"index","follow":"follow","max-snippet":"max-snippet:-1","max-image-preview":"max-image-preview:large","max-video-preview":"max-video-preview:-1"},"canonical":"https:\/\/algarvestp.pt\/en\/nota-de-pesar-jose-carlos-rolo\/","og_locale":"en_GB","og_type":"article","og_title":"Nota de Pesar pelo falecimento de Jos\u00e9 Carlos Rolo - Algarve STP","og_url":"https:\/\/algarvestp.pt\/en\/nota-de-pesar-jose-carlos-rolo\/","og_site_name":"Algarve STP","article_published_time":"2026-02-11T16:57:38+00:00","article_modified_time":"2026-02-11T17:05:51+00:00","og_image":[{"width":1366,"height":768,"url":"https:\/\/algarvestp.pt\/wp-content\/uploads\/2026\/02\/Design-sem-nome-11.png","type":"image\/png"}],"author":"In\u00eas Saleiro","twitter_card":"summary_large_image","twitter_misc":{"Written by":"In\u00eas Saleiro","Estimated reading time":"1 minute"},"schema":{"@context":"https:\/\/schema.org","@graph":[{"@type":"WebPage","@id":"https:\/\/algarvestp.pt\/nota-de-pesar-jose-carlos-rolo\/","url":"https:\/\/algarvestp.pt\/nota-de-pesar-jose-carlos-rolo\/","name":"Nota de Pesar pelo falecimento de Jos\u00e9 Carlos Rolo - Algarve STP","isPartOf":{"@id":"https:\/\/algarvestp.pt\/en\/#website"},"datePublished":"2026-02-11T16:57:38+00:00","dateModified":"2026-02-11T17:05:51+00:00","author":{"@id":"https:\/\/algarvestp.pt\/en\/#\/schema\/person\/a44ff61e1f400ea424da545b18ccfdd1"},"breadcrumb":{"@id":"https:\/\/algarvestp.pt\/nota-de-pesar-jose-carlos-rolo\/#breadcrumb"},"inLanguage":"en-GB","potentialAction":[{"@type":"ReadAction","target":["https:\/\/algarvestp.pt\/nota-de-pesar-jose-carlos-rolo\/"]}]},{"@type":"BreadcrumbList","@id":"https:\/\/algarvestp.pt\/nota-de-pesar-jose-carlos-rolo\/#breadcrumb","itemListElement":[{"@type":"ListItem","position":1,"name":"Home","item":"https:\/\/algarvestp.pt\/"},{"@type":"ListItem","position":2,"name":"Nota de Pesar pelo falecimento de Jos\u00e9 Carlos Rolo"}]},{"@type":"WebSite","@id":"https:\/\/algarvestp.pt\/en\/#website","url":"https:\/\/algarvestp.pt\/en\/","name":"Algarve STP","description":"Algarve Systems and Technology Partnership","potentialAction":[{"@type":"SearchAction","target":{"@type":"EntryPoint","urlTemplate":"https:\/\/algarvestp.pt\/en\/?s={search_term_string}"},"query-input":"required name=search_term_string"}],"inLanguage":"en-GB"},{"@type":"Person","@id":"https:\/\/algarvestp.pt\/en\/#\/schema\/person\/a44ff61e1f400ea424da545b18ccfdd1","name":"In\u00eas Saleiro","image":{"@type":"ImageObject","inLanguage":"en-GB","@id":"https:\/\/algarvestp.pt\/en\/#\/schema\/person\/image\/","url":"https:\/\/algarvestp.pt\/wp-content\/plugins\/buddypress\/bp-core\/images\/mystery-man.jpg","contentUrl":"https:\/\/algarvestp.pt\/wp-content\/plugins\/buddypress\/bp-core\/images\/mystery-man.jpg","caption":"In\u00eas Saleiro"},"url":"https:\/\/algarvestp.pt\/en\/members\/marketing\/"}]}},"_links":{"self":[{"href":"https:\/\/algarvestp.pt\/en\/wp-json\/wp\/v2\/posts\/1288","targetHints":{"allow":["GET"]}}],"collection":[{"href":"https:\/\/algarvestp.pt\/en\/wp-json\/wp\/v2\/posts"}],"about":[{"href":"https:\/\/algarvestp.pt\/en\/wp-json\/wp\/v2\/types\/post"}],"author":[{"embeddable":true,"href":"https:\/\/algarvestp.pt\/en\/wp-json\/wp\/v2\/users\/169"}],"replies":[{"embeddable":true,"href":"https:\/\/algarvestp.pt\/en\/wp-json\/wp\/v2\/comments?post=1288"}],"version-history":[{"count":5,"href":"https:\/\/algarvestp.pt\/en\/wp-json\/wp\/v2\/posts\/1288\/revisions"}],"predecessor-version":[{"id":1295,"href":"https:\/\/algarvestp.pt\/en\/wp-json\/wp\/v2\/posts\/1288\/revisions\/1295"}],"wp:featuredmedia":[{"embeddable":true,"href":"https:\/\/algarvestp.pt\/en\/wp-json\/wp\/v2\/media\/1291"}],"wp:attachment":[{"href":"https:\/\/algarvestp.pt\/en\/wp-json\/wp\/v2\/media?parent=1288"}],"wp:term":[{"taxonomy":"category","embeddable":true,"href":"https:\/\/algarvestp.pt\/en\/wp-json\/wp\/v2\/categories?post=1288"},{"taxonomy":"post_tag","embeddable":true,"href":"https:\/\/algarvestp.pt\/en\/wp-json\/wp\/v2\/tags?post=1288"}],"curies":[{"name":"wp","href":"https:\/\/api.w.org\/{rel}","templated":true}]}}