{"id":1297,"date":"2026-02-23T15:47:13","date_gmt":"2026-02-23T15:47:13","guid":{"rendered":"https:\/\/algarvestp.pt\/?p=1297"},"modified":"2026-02-24T09:34:39","modified_gmt":"2026-02-24T09:34:39","slug":"ualg-tec-campus-abre-call-para-ocupacao-de-dois-espacos-de-aceleracao","status":"publish","type":"post","link":"https:\/\/algarvestp.pt\/en\/ualg-tec-campus-abre-call-para-ocupacao-de-dois-espacos-de-aceleracao\/","title":{"rendered":"UAlg Tec Campus abre call para ocupa\u00e7\u00e3o de dois espa\u00e7os de acelera\u00e7\u00e3o!"},"content":{"rendered":"<p data-start=\"181\" data-end=\"403\">O <strong data-start=\"183\" data-end=\"255\">UAlg Tec Campus &#8211; Aceleradora de Empresas da Universidade do Algarve<\/strong> tem candidaturas abertas para a ocupa\u00e7\u00e3o de <strong data-start=\"300\" data-end=\"352\">dois espa\u00e7os f\u00edsicos (aproximadamente 37m\u00b2 cada)<\/strong>, destinados \u00e0 acelera\u00e7\u00e3o de empresas tecnol\u00f3gicas.<\/p>\n<p data-start=\"405\" data-end=\"583\">A iniciativa visa refor\u00e7ar a din\u00e2mica do ecossistema de inova\u00e7\u00e3o regional, acolhendo projetos com ambi\u00e7\u00e3o de crescimento e forte liga\u00e7\u00e3o ao conhecimento cient\u00edfico e tecnol\u00f3gico.<\/p>\n<h3 data-start=\"590\" data-end=\"618\">Quem pode candidatar-se?<\/h3>\n<p data-start=\"620\" data-end=\"861\">Podem submeter candidatura <strong data-start=\"647\" data-end=\"732\">empresas das \u00e1reas das Tecnologias de Informa\u00e7\u00e3o, Comunica\u00e7\u00e3o e Eletr\u00f3nica (TICE)<\/strong> que pretendam integrar um ambiente colaborativo, com acesso a rede, conhecimento e oportunidades de desenvolvimento estrat\u00e9gico.<\/p>\n<p data-start=\"863\" data-end=\"995\">A formaliza\u00e7\u00e3o da inten\u00e7\u00e3o de reserva deve ser efetuada atrav\u00e9s do formul\u00e1rio dispon\u00edvel no site oficial da Universidade do Algarve.<\/p>\n<p data-start=\"997\" data-end=\"1057\">\ud83d\udcc5 <strong data-start=\"1000\" data-end=\"1017\">Prazo limite:<\/strong> at\u00e9 \u00e0s 23h00 do dia 28 de fevereiro<\/p>\n<h3 data-start=\"1258\" data-end=\"1284\">Um espa\u00e7o para crescer<\/h3>\n<p data-start=\"1286\" data-end=\"1449\">O UAlg Tec Campus afirma-se como um polo de acelera\u00e7\u00e3o e liga\u00e7\u00e3o entre empresas, academia e territ\u00f3rio. A integra\u00e7\u00e3o neste espa\u00e7o representa uma oportunidade para:<\/p>\n<ul>\n<li data-start=\"1451\" data-end=\"1685\">Desenvolver projetos com proximidade \u00e0 Universidade do Algarve<\/li>\n<li data-start=\"1451\" data-end=\"1685\">Estabelecer parcerias estrat\u00e9gicas<\/li>\n<li data-start=\"1451\" data-end=\"1685\">Beneficiar de um ambiente orientado para inova\u00e7\u00e3o e crescimento<\/li>\n<li data-start=\"1451\" data-end=\"1685\">Integrar uma comunidade tecnol\u00f3gica ativa e colaborativa<\/li>\n<\/ul>\n<p data-start=\"1687\" data-end=\"1882\">Recomenda-se igualmente a consulta do <strong data-start=\"1725\" data-end=\"1787\">Regulamento de Acelera\u00e7\u00e3o de Empresas (Despacho RT42\/2021)<\/strong>, dispon\u00edvel abaixo e no site da UAlg, onde se encontram detalhadas as condi\u00e7\u00f5es e crit\u00e9rios de sele\u00e7\u00e3o.<\/p>\n<a rel=\"noopener noreferrer\" href=\"https:\/\/www.ualg.pt\/ualg-abre-5a-call-para-formalizacao-da-intencao-de-reserva-de-espaco-no-ualg-tec-campus\" target=\"_blank\" class=\"button primary\"  style=\"border-radius:30px;\">\n    <span>Submiss\u00e3o da candidatura<\/span>\n  <\/a>\n\n<a rel=\"noopener noreferrer\" href=\"https:\/\/www.ualg.pt\/sites\/default\/files\/inline-files\/DespachoRT42-2021%20-%20Regulamento%20Acelera%C3%A7%C3%A3o%20Empresas.pdf\" target=\"_blank\" class=\"button primary\"  style=\"border-radius:30px;\">\n    <span>Regulamento de acelera\u00e7\u00e3o de empresas<\/span>\n  <\/a>","protected":false},"excerpt":{"rendered":"<p>O UAlg Tec Campus &#8211; Aceleradora de Empresas da Universidade do Algarve tem candidaturas abertas para a ocupa\u00e7\u00e3o de dois espa\u00e7os f\u00edsicos (aproximadamente 37m\u00b2 cada), destinados \u00e0 acelera\u00e7\u00e3o de empresas tecnol\u00f3gicas. A iniciativa visa refor\u00e7ar a din\u00e2mica do ecossistema de inova\u00e7\u00e3o regional, acolhendo projetos com ambi\u00e7\u00e3o de crescimento e forte liga\u00e7\u00e3o ao conhecimento cient\u00edfico e [&#8230;]","protected":false},"author":169,"featured_media":1300,"comment_status":"closed","ping_status":"closed","sticky":false,"template":"","format":"standard","meta":{"footnotes":""},"categories":[1],"tags":[],"class_list":["post-1297","post","type-post","status-publish","format-standard","has-post-thumbnail","hentry","category-noticias"],"yoast_head":"<!-- This site is optimized with the Yoast SEO plugin v21.2 - https:\/\/yoast.com\/wordpress\/plugins\/seo\/ -->\n<title>UAlg Tec Campus abre call para ocupa\u00e7\u00e3o de dois espa\u00e7os de acelera\u00e7\u00e3o! - Algarve STP<\/title>\n<meta name=\"robots\" content=\"index, follow, max-snippet:-1, max-image-preview:large, max-video-preview:-1\" \/>\n<link rel=\"canonical\" href=\"https:\/\/algarvestp.pt\/en\/ualg-tec-campus-abre-call-para-ocupacao-de-dois-espacos-de-aceleracao\/\" \/>\n<meta property=\"og:locale\" content=\"en_GB\" \/>\n<meta property=\"og:type\" content=\"article\" \/>\n<meta property=\"og:title\" content=\"UAlg Tec Campus abre call para ocupa\u00e7\u00e3o de dois espa\u00e7os de acelera\u00e7\u00e3o! - Algarve STP\" \/>\n<meta property=\"og:description\" content=\"O UAlg Tec Campus &#8211; Aceleradora de Empresas da Universidade do Algarve tem candidaturas abertas para a ocupa\u00e7\u00e3o de dois espa\u00e7os f\u00edsicos (aproximadamente 37m\u00b2 cada), destinados \u00e0 acelera\u00e7\u00e3o de empresas tecnol\u00f3gicas. A iniciativa visa refor\u00e7ar a din\u00e2mica do ecossistema de inova\u00e7\u00e3o regional, acolhendo projetos com ambi\u00e7\u00e3o de crescimento e forte liga\u00e7\u00e3o ao conhecimento cient\u00edfico e [...]\" \/>\n<meta property=\"og:url\" content=\"https:\/\/algarvestp.pt\/en\/ualg-tec-campus-abre-call-para-ocupacao-de-dois-espacos-de-aceleracao\/\" \/>\n<meta property=\"og:site_name\" content=\"Algarve STP\" \/>\n<meta property=\"article:published_time\" content=\"2026-02-23T15:47:13+00:00\" \/>\n<meta property=\"article:modified_time\" content=\"2026-02-24T09:34:39+00:00\" \/>\n<meta property=\"og:image\" content=\"https:\/\/algarvestp.pt\/wp-content\/uploads\/2026\/02\/Website_Imagem-de-Destaque.jpg\" \/>\n\t<meta property=\"og:image:width\" content=\"1366\" \/>\n\t<meta property=\"og:image:height\" content=\"768\" \/>\n\t<meta property=\"og:image:type\" content=\"image\/jpeg\" \/>\n<meta name=\"author\" content=\"In\u00eas Saleiro\" \/>\n<meta name=\"twitter:card\" content=\"summary_large_image\" \/>\n<meta name=\"twitter:label1\" content=\"Written by\" \/>\n\t<meta name=\"twitter:data1\" content=\"In\u00eas Saleiro\" \/>\n\t<meta name=\"twitter:label2\" content=\"Estimated reading time\" \/>\n\t<meta name=\"twitter:data2\" content=\"2 minutes\" \/>\n<script type=\"application\/ld+json\" class=\"yoast-schema-graph\">{\"@context\":\"https:\/\/schema.org\",\"@graph\":[{\"@type\":\"WebPage\",\"@id\":\"https:\/\/algarvestp.pt\/ualg-tec-campus-abre-call-para-ocupacao-de-dois-espacos-de-aceleracao\/\",\"url\":\"https:\/\/algarvestp.pt\/ualg-tec-campus-abre-call-para-ocupacao-de-dois-espacos-de-aceleracao\/\",\"name\":\"UAlg Tec Campus abre call para ocupa\u00e7\u00e3o de dois espa\u00e7os de acelera\u00e7\u00e3o! - Algarve STP\",\"isPartOf\":{\"@id\":\"https:\/\/algarvestp.pt\/en\/#website\"},\"datePublished\":\"2026-02-23T15:47:13+00:00\",\"dateModified\":\"2026-02-24T09:34:39+00:00\",\"author\":{\"@id\":\"https:\/\/algarvestp.pt\/en\/#\/schema\/person\/a44ff61e1f400ea424da545b18ccfdd1\"},\"breadcrumb\":{\"@id\":\"https:\/\/algarvestp.pt\/ualg-tec-campus-abre-call-para-ocupacao-de-dois-espacos-de-aceleracao\/#breadcrumb\"},\"inLanguage\":\"en-GB\",\"potentialAction\":[{\"@type\":\"ReadAction\",\"target\":[\"https:\/\/algarvestp.pt\/ualg-tec-campus-abre-call-para-ocupacao-de-dois-espacos-de-aceleracao\/\"]}]},{\"@type\":\"BreadcrumbList\",\"@id\":\"https:\/\/algarvestp.pt\/ualg-tec-campus-abre-call-para-ocupacao-de-dois-espacos-de-aceleracao\/#breadcrumb\",\"itemListElement\":[{\"@type\":\"ListItem\",\"position\":1,\"name\":\"Home\",\"item\":\"https:\/\/algarvestp.pt\/\"},{\"@type\":\"ListItem\",\"position\":2,\"name\":\"UAlg Tec Campus abre call para ocupa\u00e7\u00e3o de dois espa\u00e7os de acelera\u00e7\u00e3o!\"}]},{\"@type\":\"WebSite\",\"@id\":\"https:\/\/algarvestp.pt\/en\/#website\",\"url\":\"https:\/\/algarvestp.pt\/en\/\",\"name\":\"Algarve STP\",\"description\":\"Algarve Systems and Technology Partnership\",\"potentialAction\":[{\"@type\":\"SearchAction\",\"target\":{\"@type\":\"EntryPoint\",\"urlTemplate\":\"https:\/\/algarvestp.pt\/en\/?s={search_term_string}\"},\"query-input\":\"required name=search_term_string\"}],\"inLanguage\":\"en-GB\"},{\"@type\":\"Person\",\"@id\":\"https:\/\/algarvestp.pt\/en\/#\/schema\/person\/a44ff61e1f400ea424da545b18ccfdd1\",\"name\":\"In\u00eas Saleiro\",\"image\":{\"@type\":\"ImageObject\",\"inLanguage\":\"en-GB\",\"@id\":\"https:\/\/algarvestp.pt\/en\/#\/schema\/person\/image\/\",\"url\":\"https:\/\/algarvestp.pt\/wp-content\/plugins\/buddypress\/bp-core\/images\/mystery-man.jpg\",\"contentUrl\":\"https:\/\/algarvestp.pt\/wp-content\/plugins\/buddypress\/bp-core\/images\/mystery-man.jpg\",\"caption\":\"In\u00eas Saleiro\"},\"url\":\"https:\/\/algarvestp.pt\/en\/members\/marketing\/\"}]}<\/script>\n<!-- \/ Yoast SEO plugin. -->","yoast_head_json":{"title":"UAlg Tec Campus abre call para ocupa\u00e7\u00e3o de dois espa\u00e7os de acelera\u00e7\u00e3o! - Algarve STP","robots":{"index":"index","follow":"follow","max-snippet":"max-snippet:-1","max-image-preview":"max-image-preview:large","max-video-preview":"max-video-preview:-1"},"canonical":"https:\/\/algarvestp.pt\/en\/ualg-tec-campus-abre-call-para-ocupacao-de-dois-espacos-de-aceleracao\/","og_locale":"en_GB","og_type":"article","og_title":"UAlg Tec Campus abre call para ocupa\u00e7\u00e3o de dois espa\u00e7os de acelera\u00e7\u00e3o! - Algarve STP","og_description":"O UAlg Tec Campus &#8211; Aceleradora de Empresas da Universidade do Algarve tem candidaturas abertas para a ocupa\u00e7\u00e3o de dois espa\u00e7os f\u00edsicos (aproximadamente 37m\u00b2 cada), destinados \u00e0 acelera\u00e7\u00e3o de empresas tecnol\u00f3gicas. A iniciativa visa refor\u00e7ar a din\u00e2mica do ecossistema de inova\u00e7\u00e3o regional, acolhendo projetos com ambi\u00e7\u00e3o de crescimento e forte liga\u00e7\u00e3o ao conhecimento cient\u00edfico e [...]","og_url":"https:\/\/algarvestp.pt\/en\/ualg-tec-campus-abre-call-para-ocupacao-de-dois-espacos-de-aceleracao\/","og_site_name":"Algarve STP","article_published_time":"2026-02-23T15:47:13+00:00","article_modified_time":"2026-02-24T09:34:39+00:00","og_image":[{"width":1366,"height":768,"url":"https:\/\/algarvestp.pt\/wp-content\/uploads\/2026\/02\/Website_Imagem-de-Destaque.jpg","type":"image\/jpeg"}],"author":"In\u00eas Saleiro","twitter_card":"summary_large_image","twitter_misc":{"Written by":"In\u00eas Saleiro","Estimated reading time":"2 minutes"},"schema":{"@context":"https:\/\/schema.org","@graph":[{"@type":"WebPage","@id":"https:\/\/algarvestp.pt\/ualg-tec-campus-abre-call-para-ocupacao-de-dois-espacos-de-aceleracao\/","url":"https:\/\/algarvestp.pt\/ualg-tec-campus-abre-call-para-ocupacao-de-dois-espacos-de-aceleracao\/","name":"UAlg Tec Campus abre call para ocupa\u00e7\u00e3o de dois espa\u00e7os de acelera\u00e7\u00e3o! - Algarve STP","isPartOf":{"@id":"https:\/\/algarvestp.pt\/en\/#website"},"datePublished":"2026-02-23T15:47:13+00:00","dateModified":"2026-02-24T09:34:39+00:00","author":{"@id":"https:\/\/algarvestp.pt\/en\/#\/schema\/person\/a44ff61e1f400ea424da545b18ccfdd1"},"breadcrumb":{"@id":"https:\/\/algarvestp.pt\/ualg-tec-campus-abre-call-para-ocupacao-de-dois-espacos-de-aceleracao\/#breadcrumb"},"inLanguage":"en-GB","potentialAction":[{"@type":"ReadAction","target":["https:\/\/algarvestp.pt\/ualg-tec-campus-abre-call-para-ocupacao-de-dois-espacos-de-aceleracao\/"]}]},{"@type":"BreadcrumbList","@id":"https:\/\/algarvestp.pt\/ualg-tec-campus-abre-call-para-ocupacao-de-dois-espacos-de-aceleracao\/#breadcrumb","itemListElement":[{"@type":"ListItem","position":1,"name":"Home","item":"https:\/\/algarvestp.pt\/"},{"@type":"ListItem","position":2,"name":"UAlg Tec Campus abre call para ocupa\u00e7\u00e3o de dois espa\u00e7os de acelera\u00e7\u00e3o!"}]},{"@type":"WebSite","@id":"https:\/\/algarvestp.pt\/en\/#website","url":"https:\/\/algarvestp.pt\/en\/","name":"Algarve STP","description":"Algarve Systems and Technology Partnership","potentialAction":[{"@type":"SearchAction","target":{"@type":"EntryPoint","urlTemplate":"https:\/\/algarvestp.pt\/en\/?s={search_term_string}"},"query-input":"required name=search_term_string"}],"inLanguage":"en-GB"},{"@type":"Person","@id":"https:\/\/algarvestp.pt\/en\/#\/schema\/person\/a44ff61e1f400ea424da545b18ccfdd1","name":"In\u00eas Saleiro","image":{"@type":"ImageObject","inLanguage":"en-GB","@id":"https:\/\/algarvestp.pt\/en\/#\/schema\/person\/image\/","url":"https:\/\/algarvestp.pt\/wp-content\/plugins\/buddypress\/bp-core\/images\/mystery-man.jpg","contentUrl":"https:\/\/algarvestp.pt\/wp-content\/plugins\/buddypress\/bp-core\/images\/mystery-man.jpg","caption":"In\u00eas Saleiro"},"url":"https:\/\/algarvestp.pt\/en\/members\/marketing\/"}]}},"_links":{"self":[{"href":"https:\/\/algarvestp.pt\/en\/wp-json\/wp\/v2\/posts\/1297","targetHints":{"allow":["GET"]}}],"collection":[{"href":"https:\/\/algarvestp.pt\/en\/wp-json\/wp\/v2\/posts"}],"about":[{"href":"https:\/\/algarvestp.pt\/en\/wp-json\/wp\/v2\/types\/post"}],"author":[{"embeddable":true,"href":"https:\/\/algarvestp.pt\/en\/wp-json\/wp\/v2\/users\/169"}],"replies":[{"embeddable":true,"href":"https:\/\/algarvestp.pt\/en\/wp-json\/wp\/v2\/comments?post=1297"}],"version-history":[{"count":5,"href":"https:\/\/algarvestp.pt\/en\/wp-json\/wp\/v2\/posts\/1297\/revisions"}],"predecessor-version":[{"id":1303,"href":"https:\/\/algarvestp.pt\/en\/wp-json\/wp\/v2\/posts\/1297\/revisions\/1303"}],"wp:featuredmedia":[{"embeddable":true,"href":"https:\/\/algarvestp.pt\/en\/wp-json\/wp\/v2\/media\/1300"}],"wp:attachment":[{"href":"https:\/\/algarvestp.pt\/en\/wp-json\/wp\/v2\/media?parent=1297"}],"wp:term":[{"taxonomy":"category","embeddable":true,"href":"https:\/\/algarvestp.pt\/en\/wp-json\/wp\/v2\/categories?post=1297"},{"taxonomy":"post_tag","embeddable":true,"href":"https:\/\/algarvestp.pt\/en\/wp-json\/wp\/v2\/tags?post=1297"}],"curies":[{"name":"wp","href":"https:\/\/api.w.org\/{rel}","templated":true}]}}