{"id":645,"date":"2023-08-31T10:36:14","date_gmt":"2023-08-31T10:36:14","guid":{"rendered":"https:\/\/algarvestp.pt\/?p=645"},"modified":"2023-08-31T13:52:10","modified_gmt":"2023-08-31T13:52:10","slug":"the-nomad-world-summit-reune-mentes-mais-brilhantes-no-nomadismo-digital","status":"publish","type":"post","link":"https:\/\/algarvestp.pt\/en\/the-nomad-world-summit-reune-mentes-mais-brilhantes-no-nomadismo-digital\/","title":{"rendered":"The Nomad World Summit re\u00fane mentes mais brilhantes no nomadismo digital"},"content":{"rendered":"<p>O Nomad World Summit \u00e9 um evento que re\u00fane as mentes mais brilhantes no digital nomadism e no trabalho remoto para celebrar a liberdade e a conex\u00e3o deste estilo de vida, enquanto explora um novo destino que procura atrair a comunidade de n\u00f3madas digitais. A confer\u00eancia deste ano acontece na cidade costeira de Albufeira, no Algarve, conhecida pelas suas praias deslumbrantes, acessibilidade global e cena cultural vibrante.<\/p>\n<p><strong>De 9 a 15 de Outubro, ter\u00e1 a oportunidade de participar em:<\/strong><\/p>\n<p><strong>&#8211;\u00a0 Confer\u00eancia\/<em>Unconference<\/em> (10-11 de Outubro): <\/strong>Nas manh\u00e3s, os participantes ter\u00e3o a oportunidade de aprender com os l\u00edderes da ind\u00fastria em trabalho remoto, web3, espa\u00e7os de <em>coliving<\/em>, espa\u00e7os de <em>coworking<\/em> e o futuro do trabalho. \u00c0 tarde, o evento contar\u00e1 com pain\u00e9is de especialistas, workshops e sess\u00f5es onde os participantes ter\u00e3o a oportunidade de discutir, debater e compartilhar ideias num ambiente menos formal e mais interativo.<\/p>\n<p><strong>&#8211; Workshops e Atividades (9-15 de Outubro):<\/strong> Ao longo do evento, os participantes ter\u00e3o a oportunidade de participar em workshops e numa variedade de atividades na praia, que v\u00e3o desde <em>stand-up paddleboarding<\/em> at\u00e9 voleibol de praia, e que permitir\u00e3o que se conectem num ambiente relaxado e casual.<\/p>\n<p>A programa\u00e7\u00e3o deste ano inclui:<\/p>\n<ul>\n<li>Dave Williams (CEO &amp; Co-Founder, NomadX)<\/li>\n<li>Gon\u00e7alo Hall (Fundador, Movimento de Trabalho Remoto)<\/li>\n<li>Kate Shifman (Fundadora, AOMA Coliving + Coworking)<\/li>\n<li>Miguel Fernandes (CEO, Dengun)<\/li>\n<li>Marie Tuason (Fundadora e Criadora de Conte\u00fado, Gumamela Studios LLC)<\/li>\n<li>Rafael Guerreiro (CEO, NEW SEQUENCE)<\/li>\n<\/ul>\n<p>Tem interesse em participar? Use o c\u00f3digo <strong>astp20<\/strong> para ter 20% de desconto!<\/p>\n<p style=\"text-align: left;\">Bilhetes no link: <a class=\"x1i10hfl xjbqb8w x6umtig x1b1mbwd xaqea5y xav7gou x9f619 x1ypdohk xt0psk2 xe8uvvx xdj266r x11i5rnm xat24cr x1mh8g0r xexx8yu x4uap5 x18d9i69 xkhd6sd x16tdsg8 x1hl2dhg xggy1nq x1a2a7pz xt0b8zv x1fey0fg\" tabindex=\"0\" role=\"link\" href=\"https:\/\/thenomadworld.org\/?fbclid=IwAR1jgDR7HMlBJt8069bRz8j-Z1DuVXQsQ5BTB0EJTcs2rqRug7XFYwet6Y8\" target=\"_blank\" rel=\"nofollow noopener noreferrer\">https:\/\/thenomadworld.org\/<\/a><\/p>","protected":false},"excerpt":{"rendered":"<p>O Nomad World Summit \u00e9 um evento que re\u00fane as mentes mais brilhantes no digital nomadism e no trabalho remoto para celebrar a liberdade e a conex\u00e3o deste estilo de vida, enquanto explora um novo destino que procura atrair a comunidade de n\u00f3madas digitais. A confer\u00eancia deste ano acontece na cidade costeira de Albufeira, no [&#8230;]","protected":false},"author":1,"featured_media":646,"comment_status":"closed","ping_status":"closed","sticky":false,"template":"","format":"standard","meta":{"footnotes":""},"categories":[1],"tags":[],"class_list":["post-645","post","type-post","status-publish","format-standard","has-post-thumbnail","hentry","category-noticias"],"yoast_head":"<!-- This site is optimized with the Yoast SEO plugin v21.2 - https:\/\/yoast.com\/wordpress\/plugins\/seo\/ -->\n<title>The Nomad World Summit re\u00fane mentes mais brilhantes no nomadismo digital - Algarve STP<\/title>\n<meta name=\"robots\" content=\"index, follow, max-snippet:-1, max-image-preview:large, max-video-preview:-1\" \/>\n<link rel=\"canonical\" href=\"https:\/\/algarvestp.pt\/en\/the-nomad-world-summit-reune-mentes-mais-brilhantes-no-nomadismo-digital\/\" \/>\n<meta property=\"og:locale\" content=\"en_GB\" \/>\n<meta property=\"og:type\" content=\"article\" \/>\n<meta property=\"og:title\" content=\"The Nomad World Summit re\u00fane mentes mais brilhantes no nomadismo digital - Algarve STP\" \/>\n<meta property=\"og:description\" content=\"O Nomad World Summit \u00e9 um evento que re\u00fane as mentes mais brilhantes no digital nomadism e no trabalho remoto para celebrar a liberdade e a conex\u00e3o deste estilo de vida, enquanto explora um novo destino que procura atrair a comunidade de n\u00f3madas digitais. A confer\u00eancia deste ano acontece na cidade costeira de Albufeira, no [...]\" \/>\n<meta property=\"og:url\" content=\"https:\/\/algarvestp.pt\/en\/the-nomad-world-summit-reune-mentes-mais-brilhantes-no-nomadismo-digital\/\" \/>\n<meta property=\"og:site_name\" content=\"Algarve STP\" \/>\n<meta property=\"article:published_time\" content=\"2023-08-31T10:36:14+00:00\" \/>\n<meta property=\"article:modified_time\" content=\"2023-08-31T13:52:10+00:00\" \/>\n<meta property=\"og:image\" content=\"https:\/\/algarvestp.pt\/wp-content\/uploads\/2023\/08\/XZndaRkncwevf58DOGlDZxBq6JiLc5qloU5DwNIuMY.png\" \/>\n\t<meta property=\"og:image:width\" content=\"1920\" \/>\n\t<meta property=\"og:image:height\" content=\"1080\" \/>\n\t<meta property=\"og:image:type\" content=\"image\/png\" \/>\n<meta name=\"author\" content=\"algarvestpwm\" \/>\n<meta name=\"twitter:card\" content=\"summary_large_image\" \/>\n<meta name=\"twitter:label1\" content=\"Written by\" \/>\n\t<meta name=\"twitter:data1\" content=\"algarvestpwm\" \/>\n\t<meta name=\"twitter:label2\" content=\"Estimated reading time\" \/>\n\t<meta name=\"twitter:data2\" content=\"1 minute\" \/>\n<script type=\"application\/ld+json\" class=\"yoast-schema-graph\">{\"@context\":\"https:\/\/schema.org\",\"@graph\":[{\"@type\":\"WebPage\",\"@id\":\"https:\/\/algarvestp.pt\/the-nomad-world-summit-reune-mentes-mais-brilhantes-no-nomadismo-digital\/\",\"url\":\"https:\/\/algarvestp.pt\/the-nomad-world-summit-reune-mentes-mais-brilhantes-no-nomadismo-digital\/\",\"name\":\"The Nomad World Summit re\u00fane mentes mais brilhantes no nomadismo digital - Algarve STP\",\"isPartOf\":{\"@id\":\"https:\/\/algarvestp.pt\/en\/#website\"},\"datePublished\":\"2023-08-31T10:36:14+00:00\",\"dateModified\":\"2023-08-31T13:52:10+00:00\",\"author\":{\"@id\":\"https:\/\/algarvestp.pt\/en\/#\/schema\/person\/c5cba8597d0666e788d8a8e2316bfb8f\"},\"breadcrumb\":{\"@id\":\"https:\/\/algarvestp.pt\/the-nomad-world-summit-reune-mentes-mais-brilhantes-no-nomadismo-digital\/#breadcrumb\"},\"inLanguage\":\"en-GB\",\"potentialAction\":[{\"@type\":\"ReadAction\",\"target\":[\"https:\/\/algarvestp.pt\/the-nomad-world-summit-reune-mentes-mais-brilhantes-no-nomadismo-digital\/\"]}]},{\"@type\":\"BreadcrumbList\",\"@id\":\"https:\/\/algarvestp.pt\/the-nomad-world-summit-reune-mentes-mais-brilhantes-no-nomadismo-digital\/#breadcrumb\",\"itemListElement\":[{\"@type\":\"ListItem\",\"position\":1,\"name\":\"Home\",\"item\":\"https:\/\/algarvestp.pt\/\"},{\"@type\":\"ListItem\",\"position\":2,\"name\":\"The Nomad World Summit re\u00fane mentes mais brilhantes no nomadismo digital\"}]},{\"@type\":\"WebSite\",\"@id\":\"https:\/\/algarvestp.pt\/en\/#website\",\"url\":\"https:\/\/algarvestp.pt\/en\/\",\"name\":\"Algarve STP\",\"description\":\"Algarve Systems and Technology Partnership\",\"potentialAction\":[{\"@type\":\"SearchAction\",\"target\":{\"@type\":\"EntryPoint\",\"urlTemplate\":\"https:\/\/algarvestp.pt\/en\/?s={search_term_string}\"},\"query-input\":\"required name=search_term_string\"}],\"inLanguage\":\"en-GB\"},{\"@type\":\"Person\",\"@id\":\"https:\/\/algarvestp.pt\/en\/#\/schema\/person\/c5cba8597d0666e788d8a8e2316bfb8f\",\"name\":\"algarvestpwm\",\"image\":{\"@type\":\"ImageObject\",\"inLanguage\":\"en-GB\",\"@id\":\"https:\/\/algarvestp.pt\/en\/#\/schema\/person\/image\/\",\"url\":\"https:\/\/algarvestp.pt\/wp-content\/plugins\/buddypress\/bp-core\/images\/mystery-man.jpg\",\"contentUrl\":\"https:\/\/algarvestp.pt\/wp-content\/plugins\/buddypress\/bp-core\/images\/mystery-man.jpg\",\"caption\":\"algarvestpwm\"},\"sameAs\":[\"https:\/\/algarvestp.pt\"],\"url\":\"https:\/\/algarvestp.pt\/en\/members\/algarvestpwm\/\"}]}<\/script>\n<!-- \/ Yoast SEO plugin. -->","yoast_head_json":{"title":"The Nomad World Summit re\u00fane mentes mais brilhantes no nomadismo digital - Algarve STP","robots":{"index":"index","follow":"follow","max-snippet":"max-snippet:-1","max-image-preview":"max-image-preview:large","max-video-preview":"max-video-preview:-1"},"canonical":"https:\/\/algarvestp.pt\/en\/the-nomad-world-summit-reune-mentes-mais-brilhantes-no-nomadismo-digital\/","og_locale":"en_GB","og_type":"article","og_title":"The Nomad World Summit re\u00fane mentes mais brilhantes no nomadismo digital - Algarve STP","og_description":"O Nomad World Summit \u00e9 um evento que re\u00fane as mentes mais brilhantes no digital nomadism e no trabalho remoto para celebrar a liberdade e a conex\u00e3o deste estilo de vida, enquanto explora um novo destino que procura atrair a comunidade de n\u00f3madas digitais. A confer\u00eancia deste ano acontece na cidade costeira de Albufeira, no [...]","og_url":"https:\/\/algarvestp.pt\/en\/the-nomad-world-summit-reune-mentes-mais-brilhantes-no-nomadismo-digital\/","og_site_name":"Algarve STP","article_published_time":"2023-08-31T10:36:14+00:00","article_modified_time":"2023-08-31T13:52:10+00:00","og_image":[{"width":1920,"height":1080,"url":"https:\/\/algarvestp.pt\/wp-content\/uploads\/2023\/08\/XZndaRkncwevf58DOGlDZxBq6JiLc5qloU5DwNIuMY.png","type":"image\/png"}],"author":"algarvestpwm","twitter_card":"summary_large_image","twitter_misc":{"Written by":"algarvestpwm","Estimated reading time":"1 minute"},"schema":{"@context":"https:\/\/schema.org","@graph":[{"@type":"WebPage","@id":"https:\/\/algarvestp.pt\/the-nomad-world-summit-reune-mentes-mais-brilhantes-no-nomadismo-digital\/","url":"https:\/\/algarvestp.pt\/the-nomad-world-summit-reune-mentes-mais-brilhantes-no-nomadismo-digital\/","name":"The Nomad World Summit re\u00fane mentes mais brilhantes no nomadismo digital - Algarve STP","isPartOf":{"@id":"https:\/\/algarvestp.pt\/en\/#website"},"datePublished":"2023-08-31T10:36:14+00:00","dateModified":"2023-08-31T13:52:10+00:00","author":{"@id":"https:\/\/algarvestp.pt\/en\/#\/schema\/person\/c5cba8597d0666e788d8a8e2316bfb8f"},"breadcrumb":{"@id":"https:\/\/algarvestp.pt\/the-nomad-world-summit-reune-mentes-mais-brilhantes-no-nomadismo-digital\/#breadcrumb"},"inLanguage":"en-GB","potentialAction":[{"@type":"ReadAction","target":["https:\/\/algarvestp.pt\/the-nomad-world-summit-reune-mentes-mais-brilhantes-no-nomadismo-digital\/"]}]},{"@type":"BreadcrumbList","@id":"https:\/\/algarvestp.pt\/the-nomad-world-summit-reune-mentes-mais-brilhantes-no-nomadismo-digital\/#breadcrumb","itemListElement":[{"@type":"ListItem","position":1,"name":"Home","item":"https:\/\/algarvestp.pt\/"},{"@type":"ListItem","position":2,"name":"The Nomad World Summit re\u00fane mentes mais brilhantes no nomadismo digital"}]},{"@type":"WebSite","@id":"https:\/\/algarvestp.pt\/en\/#website","url":"https:\/\/algarvestp.pt\/en\/","name":"Algarve STP","description":"Algarve Systems and Technology Partnership","potentialAction":[{"@type":"SearchAction","target":{"@type":"EntryPoint","urlTemplate":"https:\/\/algarvestp.pt\/en\/?s={search_term_string}"},"query-input":"required name=search_term_string"}],"inLanguage":"en-GB"},{"@type":"Person","@id":"https:\/\/algarvestp.pt\/en\/#\/schema\/person\/c5cba8597d0666e788d8a8e2316bfb8f","name":"algarvestpwm","image":{"@type":"ImageObject","inLanguage":"en-GB","@id":"https:\/\/algarvestp.pt\/en\/#\/schema\/person\/image\/","url":"https:\/\/algarvestp.pt\/wp-content\/plugins\/buddypress\/bp-core\/images\/mystery-man.jpg","contentUrl":"https:\/\/algarvestp.pt\/wp-content\/plugins\/buddypress\/bp-core\/images\/mystery-man.jpg","caption":"algarvestpwm"},"sameAs":["https:\/\/algarvestp.pt"],"url":"https:\/\/algarvestp.pt\/en\/members\/algarvestpwm\/"}]}},"_links":{"self":[{"href":"https:\/\/algarvestp.pt\/en\/wp-json\/wp\/v2\/posts\/645","targetHints":{"allow":["GET"]}}],"collection":[{"href":"https:\/\/algarvestp.pt\/en\/wp-json\/wp\/v2\/posts"}],"about":[{"href":"https:\/\/algarvestp.pt\/en\/wp-json\/wp\/v2\/types\/post"}],"author":[{"embeddable":true,"href":"https:\/\/algarvestp.pt\/en\/wp-json\/wp\/v2\/users\/1"}],"replies":[{"embeddable":true,"href":"https:\/\/algarvestp.pt\/en\/wp-json\/wp\/v2\/comments?post=645"}],"version-history":[{"count":6,"href":"https:\/\/algarvestp.pt\/en\/wp-json\/wp\/v2\/posts\/645\/revisions"}],"predecessor-version":[{"id":653,"href":"https:\/\/algarvestp.pt\/en\/wp-json\/wp\/v2\/posts\/645\/revisions\/653"}],"wp:featuredmedia":[{"embeddable":true,"href":"https:\/\/algarvestp.pt\/en\/wp-json\/wp\/v2\/media\/646"}],"wp:attachment":[{"href":"https:\/\/algarvestp.pt\/en\/wp-json\/wp\/v2\/media?parent=645"}],"wp:term":[{"taxonomy":"category","embeddable":true,"href":"https:\/\/algarvestp.pt\/en\/wp-json\/wp\/v2\/categories?post=645"},{"taxonomy":"post_tag","embeddable":true,"href":"https:\/\/algarvestp.pt\/en\/wp-json\/wp\/v2\/tags?post=645"}],"curies":[{"name":"wp","href":"https:\/\/api.w.org\/{rel}","templated":true}]}}