{"id":963,"date":"2024-10-31T10:51:59","date_gmt":"2024-10-31T10:51:59","guid":{"rendered":"https:\/\/algarvestp.pt\/?p=963"},"modified":"2024-10-31T10:51:59","modified_gmt":"2024-10-31T10:51:59","slug":"algarve-empreende-2026","status":"publish","type":"post","link":"https:\/\/algarvestp.pt\/en\/algarve-empreende-2026\/","title":{"rendered":"ALGARVE EMPREENDE 2026"},"content":{"rendered":"<p><b>ALGARVE EMPREENDE 2026 \u0406 PROMO\u00c7\u00c3O DO EMPREENDEDORISMO QUALIFICADO NA REGI\u00c3O DO ALGARVE<\/b><\/p>\n<p><span style=\"font-weight: 400;\">O empreendedorismo qualificado desempenha um papel fundamental no desenvolvimento e fortalecimento de um ecossistema regional inovador, estimulando a cria\u00e7\u00e3o de neg\u00f3cios de elevado impacto e potencial de crescimento. Empreendedores qualificados possuem vis\u00e3o estrat\u00e9gica, dom\u00ednio t\u00e9cnico e capacidade de gest\u00e3o, o que permite identificar oportunidades de inova\u00e7\u00e3o, assim como desenvolver solu\u00e7\u00f5es competitivas com base na valoriza\u00e7\u00e3o do conhecimento e tecnologia.<\/span><\/p>\n<p><span style=\"font-weight: 400;\">Esse esp\u00edrito empreendedor atrai investimentos, gera empregos qualificados e fomenta a dissemina\u00e7\u00e3o de conhecimento e tecnologia. Adicionalmente, impulsiona a coopera\u00e7\u00e3o entre empresas, institui\u00e7\u00f5es acad\u00e9micas e decisores pol\u00edticos, promovendo o desenvolvimento e crescimento regional do Algarve.\u00a0<\/span><\/p>\n<p><span style=\"font-weight: 400;\">No entanto, n\u00e3o obstante os avan\u00e7os obtidos at\u00e9 ao momento e todo o seu potencial, a regi\u00e3o demonstra ainda fragilidades significativas. \u00c9 neste contexto que surge o presente projeto: ALGARVE EMPREENDE 2026.\u00a0<\/span><\/p>\n<p><span style=\"font-weight: 400;\">Esta opera\u00e7\u00e3o tem como principal miss\u00e3o: estimular o ecossistema empresarial da regi\u00e3o, atrav\u00e9s de iniciativas que potenciam as capacidades e compet\u00eancias dos empreendedores para a cria\u00e7\u00e3o e implementa\u00e7\u00e3o de ideias de neg\u00f3cio inovadoras, tal como contribuir para o aumento da taxa de sobreviv\u00eancia das empresas.\u00a0\u00a0<\/span><\/p>\n<p>&nbsp;<\/p>\n<p><span style=\"font-weight: 400;\">Neste sentido, os <\/span><b>principais objetivos<\/b><span style=\"font-weight: 400;\"> do projeto s\u00e3o:<\/span><\/p>\n<ol>\n<li style=\"font-weight: 400;\" aria-level=\"1\"><span style=\"font-weight: 400;\">Refor\u00e7ar a coopera\u00e7\u00e3o, parcerias e redes de apoio ao empreendedorismo qualificado do Ecossistema Empreendedor da Regi\u00e3o.<\/span><\/li>\n<li style=\"font-weight: 400;\" aria-level=\"1\"><span style=\"font-weight: 400;\">Incentivar a cria\u00e7\u00e3o e acelera\u00e7\u00e3o de empresas inovadoras.<\/span><\/li>\n<li style=\"font-weight: 400;\" aria-level=\"1\"><span style=\"font-weight: 400;\">Estimular o ecossistema empreendedor regional internacionalmente.<\/span><\/li>\n<li style=\"font-weight: 400;\" aria-level=\"1\"><span style=\"font-weight: 400;\">Promover o empreendedorismo no \u00e2mbito das fileiras do Plano de A\u00e7\u00e3o Algarve 2030.<\/span><\/li>\n<\/ol>\n<p>&nbsp;<\/p>\n<p><b>ATIVIDADES<\/b><\/p>\n<p><b>\u00a0<\/b><\/p>\n<p><b>Atividade 1.<\/b> <b>Desenvolvimento de um programa para a dinamiza\u00e7\u00e3o da ReDial \u2013 Rede de Incubadoras do Algarve,\u00a0 e para a <\/b><a href=\"https:\/\/www.investalgarve.pt\/\"><b>Rede INVEST Algarve<\/b><\/a><b>.<\/b><span style=\"font-weight: 400;\"> Esta atividade consiste na elabora\u00e7\u00e3o de um estudo para a identifica\u00e7\u00e3o dos fatores cr\u00edticos das incubadoras do Algarve, assim como a\u00e7\u00f5es de dinamiza\u00e7\u00e3o e capacita\u00e7\u00e3o da rede com vista \u00e0 prepara\u00e7\u00e3o do \u00abPlano de Desenvolvimento da ReDial 2030\u00bb.<\/span><\/p>\n<p><b>Atividade 2.<\/b> <b>Desenvolvimento de um programa de dinamiza\u00e7\u00e3o da Comunidade <\/b><b><i>Algarve Digital Innovators<\/i><\/b><b> (ADI).<\/b><span style=\"font-weight: 400;\"> O crescimento da comunidade de n\u00f3madas digitais e <\/span><i><span style=\"font-weight: 400;\">remote workers<\/span><\/i><span style=\"font-weight: 400;\"> na regi\u00e3o e a sua import\u00e2ncia no \u00e2mbito do ecossistema de inova\u00e7\u00e3o, justificam a elabora\u00e7\u00e3o de um \u00abPlano de Desenvolvimento da Comunidade ADI 2030\u00bb e a sua dinamiza\u00e7\u00e3o, atrav\u00e9s de eventos e conce\u00e7\u00e3o de conte\u00fados promocionais.<\/span><\/p>\n<p><b>Atividade 3.<\/b> <b>Desenvolvimento e dinamiza\u00e7\u00e3o da Rede <\/b><b><i>ATH Mentors &amp; Investors<\/i><\/b><b>.<\/b><span style=\"font-weight: 400;\"> A presente atividade surge da necessidade de consolidar a rede de mentores e investidores do ecossistema de inova\u00e7\u00e3o do Algarve, contemplando assim a elabora\u00e7\u00e3o de um \u00abPlano de Desenvolvimento 2030 para a Rede <\/span><i><span style=\"font-weight: 400;\">ATH Mentors &amp; Investors<\/span><\/i><span style=\"font-weight: 400;\">\u00bb, tal como sess\u00f5es de trabalho e de dinamiza\u00e7\u00e3o desta.<\/span><\/p>\n<p><b>Atividade 4.<\/b> <b>Desenvolvimento do programa digital avan\u00e7ado para o ecossistema empreendedor regional.<\/b><span style=\"font-weight: 400;\"> Esta atividade pretende promover a transi\u00e7\u00e3o digital do ecossistema da regi\u00e3o, atrav\u00e9s da cria\u00e7\u00e3o de uma plataforma regional: \u00abPortal do Empreendedorismo\u00bb. Esta pretende assegurar a intermedia\u00e7\u00e3o e registo de informa\u00e7\u00e3o \u201cinterna\u201d dos diferentes agentes do ecossistema, assim como melhorar a atual plataforma <\/span><a href=\"https:\/\/bealgarve.pt\/\"><span style=\"font-weight: 400;\">bealgarve.pt<\/span><\/a><span style=\"font-weight: 400;\">.\u00a0\u00a0<\/span><\/p>\n<p><b>Atividade 5.<\/b> <b>Desenvolvimento e implementa\u00e7\u00e3o de um concurso de ideias de neg\u00f3cio.<\/b><span style=\"font-weight: 400;\"> Esta atividade consiste no desenvolvimento e implementa\u00e7\u00e3o de um programa estruturado de apoio \u00e0 cria\u00e7\u00e3o e consolida\u00e7\u00e3o de ideias de neg\u00f3cio, nos dom\u00ednios das A\u00e7\u00f5es Transformativas\/EREI Algarve. Prev\u00ea, em simult\u00e2neo, a\u00e7\u00f5es de matura\u00e7\u00e3o e <\/span><i><span style=\"font-weight: 400;\">coaching<\/span><\/i><span style=\"font-weight: 400;\"> empresarial.<\/span><\/p>\n<p><b>Atividade 6.<\/b> <b>Desenvolvimento e implementa\u00e7\u00e3o de um programas de apoio \u00e0 cria\u00e7\u00e3o e acelera\u00e7\u00e3o de empresas, <\/b><span style=\"font-weight: 400;\">que permitir\u00e1 apoiar a<\/span> <span style=\"font-weight: 400;\">fase de arranque atrav\u00e9s de um programa de apoio \u00e0 valida\u00e7\u00e3o de provas de conceito e de um programa de <\/span><i><span style=\"font-weight: 400;\">Business Mentoring<\/span><\/i><span style=\"font-weight: 400;\">, direcionados para empreendedores e\/ou <\/span><i><span style=\"font-weight: 400;\">start-ups<\/span><\/i><span style=\"font-weight: 400;\"> regionais.<\/span><\/p>\n<p><b>Atividade 7.<\/b> <b>Realiza\u00e7\u00e3o do Roadshow Intermunicipal \u00abAutarquias Empreende\u00bb.<\/b><span style=\"font-weight: 400;\"> Esta atividade contempla a realiza\u00e7\u00e3o de eventos em cada um dos 16 munic\u00edpios do Algarve, prevendo o envolvimento de empresas locais, a realiza\u00e7\u00e3o de sess\u00f5es de <\/span><i><span style=\"font-weight: 400;\">networking<\/span><\/i><span style=\"font-weight: 400;\">, <\/span><i><span style=\"font-weight: 400;\">workshops<\/span><\/i><span style=\"font-weight: 400;\"> e pain\u00e9is de discuss\u00e3o, assim como destacar as oportunidades e desafios espec\u00edficos de cada munic\u00edpio.<\/span><\/p>\n<p><b>Atividade 8.<\/b> <b>Realiza\u00e7\u00e3o das iniciativas \u00ab<\/b><a href=\"https:\/\/algarvesummit.com\/pt-pt\/\"><b><i>Algarve Tech Hub Summit 2024<\/i><\/b><\/a><b>\u00bb e \u00ab <\/b><b><i>Algarve Tech Hub Summit 2025<\/i><\/b><b>\u00bb<\/b><span style=\"font-weight: 400;\">, eventos de cariz internacional de promo\u00e7\u00e3o do ecossistema regional empreendedor, que conta com a participa\u00e7\u00e3o oradores relevantes (nacionais e internacionais), com o objetivo de envolver,\u00a0 sensibilizar e capacitar o ecossistema da regi\u00e3o do Algarve nas tend\u00eancias e boas pr\u00e1ticas nos diferentes dom\u00ednios da <\/span><a href=\"https:\/\/portugal2030.pt\/wp-content\/uploads\/sites\/3\/2023\/02\/Estrategia-Regional-Algarve-2030.pdf\"><span style=\"font-weight: 400;\">Estrat\u00e9gia Regional de Especializa\u00e7\u00e3o Inteligente do Algarve 2030<\/span><\/a><span style=\"font-weight: 400;\">.<\/span><\/p>\n<p><b>Atividade 9.<\/b> <b>Participa\u00e7\u00e3o em <\/b><b><i>roadshows<\/i><\/b><b> internacionais para a promo\u00e7\u00e3o do ecossistema empreendedor do Algarve<\/b><span style=\"font-weight: 400;\">, com vista ao estabelecimento de protocolos e acordos que valorizem e dinamizem o ecossistema empreendedor regional e a atra\u00e7\u00e3o de estudantes, empreendedores e investidores para o ecossistema.<\/span><\/p>\n<p><b>Atividade 10.<\/b> <b>Promo\u00e7\u00e3o do ecossistema empreendedor do Algarve nas edi\u00e7\u00f5es de 2024 e de 2025 da \u00ab<\/b><b><i>Web Summit Lisbon<\/i><\/b><b>\u00bb<\/b><span style=\"font-weight: 400;\">, em paralelo com a organiza\u00e7\u00e3o do evento \u00ab<\/span><i><span style=\"font-weight: 400;\">MEETING Algarve Innovation Ecosystem\u00bb,<\/span><\/i><span style=\"font-weight: 400;\"> promovendo internacionalmente a regi\u00e3o do Algarve e o seu ecossistema, enquanto estimula a atra\u00e7\u00e3o de empreendedores e investidores para a regi\u00e3o.<\/span><\/p>\n<p><b>Atividade 11.<\/b> <b>Desenvolvimento e dinamiza\u00e7\u00e3o de um programa para o empreendedorismo junto das fileiras <\/b><a href=\"https:\/\/algarve.portugal2030.pt\/wp-content\/uploads\/sites\/15\/2023\/12\/20231220_planoaccaoalgarve2030.pdf\"><b>\u201cDiversificar Algarve\u201d<\/b><\/a><b>: economia do mar, alfarroba, citrinos, produtos da apicultura, batata-doce, vinho, plantas e flores, e medronho.<\/b><span style=\"font-weight: 400;\"> Esta atividade foca-se na promo\u00e7\u00e3o do empreendedorismo destas fileiras e inclui: estudo do perfil do empreendedor (por fileira); dinamiza\u00e7\u00e3o de comunidades de inova\u00e7\u00e3o; elabora\u00e7\u00e3o de planos de a\u00e7\u00e3o e desenvolvimento de uma \u201cFerramenta Digital \u2013 Comunica\u00e7\u00e3o Intra Comunidades de Inova\u00e7\u00e3o\u201d, para a gest\u00e3o e partilha de conte\u00fados.\u00a0<\/span><\/p>\n<p>&nbsp;<\/p>\n<p><b>PARCERIA<\/b><\/p>\n<ol>\n<li><a href=\"https:\/\/www.cria.pt\/\"><span style=\"font-weight: 400;\">Universidade do Algarve, atrav\u00e9s da sua Divis\u00e3o de Empreendedorismo e Transfer\u00eancia de Tecnologia (CRIA)<\/span><\/a><\/li>\n<li><a href=\"https:\/\/amal.pt\/\"><span style=\"font-weight: 400;\">AMAL- Comunidade Intermunicipal do Algarve<\/span><\/a><\/li>\n<li><a href=\"https:\/\/algarvestp.pt\/en\/\"><i><span style=\"font-weight: 400;\">Algarve Systems and Technology Partnership Association<\/span><\/i><span style=\"font-weight: 400;\"> (Algarve STP)<\/span><\/a><\/li>\n<li><a href=\"https:\/\/algarveevolution.pt\/\"><i><span style=\"font-weight: 400;\">Algarve Evolution<\/span><\/i><\/a><\/li>\n<li><a href=\"https:\/\/www.nera.pt\/\"><span style=\"font-weight: 400;\">Associa\u00e7\u00e3o Empresarial da Regi\u00e3o do Algarve (NERA)<\/span><\/a><\/li>\n<li><a href=\"https:\/\/anje.pt\/\"><span style=\"font-weight: 400;\">Associa\u00e7\u00e3o Nacional de Jovens Empres\u00e1rios (ANJE)<\/span><\/a><\/li>\n<\/ol>\n<p>&nbsp;<\/p>\n<p><b>Data de in\u00edcio:<\/b><span style=\"font-weight: 400;\"> setembro 2024<\/span><\/p>\n<p><b>Data de conclus\u00e3o:<\/b><span style=\"font-weight: 400;\"> agosto 2026<\/span><\/p>\n<p><b><span style=\"color: #555555;\">Custo tota<\/span>l:<\/b><span style=\"font-weight: 400;\"> 1.411.383,60 \u20ac<\/span><\/p>\n<p><span style=\"color: #555555;\"><a style=\"color: #555555;\" href=\"https:\/\/algarvestp.pt\/en\/repositorio\/projetos\/algarve-empreende-2026\/\"><b>Ficha de Projeto<\/b><\/a><\/span><\/p>\n<p>&nbsp;<\/p>\n<p><span style=\"font-weight: 400;\">O projeto Algarve Empreende 2026: Promo\u00e7\u00e3o do Empreendedorismo Qualificado na regi\u00e3o do Algarve, \u00e9 uma opera\u00e7\u00e3o candidata ao SIAC \u2013 Empreendedorismo Qualificado associado ao Conhecimento, do <\/span><a href=\"https:\/\/algarve.portugal2030.pt\/\"><span style=\"font-weight: 400;\">Programa Regional do Algarve 2030 (Algarve 2030<\/span><\/a><span style=\"font-weight: 400;\">), cuja prioridade \u00abInova\u00e7\u00e3o e competitividade\u00bb (1-A).<\/span><\/p>","protected":false},"excerpt":{"rendered":"<p>ALGARVE EMPREENDE 2026 \u0406 PROMO\u00c7\u00c3O DO EMPREENDEDORISMO QUALIFICADO NA REGI\u00c3O DO ALGARVE O empreendedorismo qualificado desempenha um papel fundamental no desenvolvimento e fortalecimento de um ecossistema regional inovador, estimulando a cria\u00e7\u00e3o de neg\u00f3cios de elevado impacto e potencial de crescimento. Empreendedores qualificados possuem vis\u00e3o estrat\u00e9gica, dom\u00ednio t\u00e9cnico e capacidade de gest\u00e3o, o que permite identificar [&#8230;]","protected":false},"author":10,"featured_media":964,"comment_status":"closed","ping_status":"closed","sticky":false,"template":"","format":"standard","meta":{"footnotes":""},"categories":[1],"tags":[],"class_list":["post-963","post","type-post","status-publish","format-standard","has-post-thumbnail","hentry","category-noticias"],"yoast_head":"<!-- This site is optimized with the Yoast SEO plugin v21.2 - https:\/\/yoast.com\/wordpress\/plugins\/seo\/ -->\n<title>ALGARVE EMPREENDE 2026 - Algarve STP<\/title>\n<meta name=\"robots\" content=\"index, follow, max-snippet:-1, max-image-preview:large, max-video-preview:-1\" \/>\n<link rel=\"canonical\" href=\"https:\/\/algarvestp.pt\/en\/algarve-empreende-2026\/\" \/>\n<meta property=\"og:locale\" content=\"en_GB\" \/>\n<meta property=\"og:type\" content=\"article\" \/>\n<meta property=\"og:title\" content=\"ALGARVE EMPREENDE 2026 - Algarve STP\" \/>\n<meta property=\"og:description\" content=\"ALGARVE EMPREENDE 2026 \u0406 PROMO\u00c7\u00c3O DO EMPREENDEDORISMO QUALIFICADO NA REGI\u00c3O DO ALGARVE O empreendedorismo qualificado desempenha um papel fundamental no desenvolvimento e fortalecimento de um ecossistema regional inovador, estimulando a cria\u00e7\u00e3o de neg\u00f3cios de elevado impacto e potencial de crescimento. Empreendedores qualificados possuem vis\u00e3o estrat\u00e9gica, dom\u00ednio t\u00e9cnico e capacidade de gest\u00e3o, o que permite identificar [...]\" \/>\n<meta property=\"og:url\" content=\"https:\/\/algarvestp.pt\/en\/algarve-empreende-2026\/\" \/>\n<meta property=\"og:site_name\" content=\"Algarve STP\" \/>\n<meta property=\"article:published_time\" content=\"2024-10-31T10:51:59+00:00\" \/>\n<meta property=\"og:image\" content=\"https:\/\/algarvestp.pt\/wp-content\/uploads\/2024\/10\/Algarve_Empreende_2026-1.jpg\" \/>\n\t<meta property=\"og:image:width\" content=\"1280\" \/>\n\t<meta property=\"og:image:height\" content=\"720\" \/>\n\t<meta property=\"og:image:type\" content=\"image\/jpeg\" \/>\n<meta name=\"author\" content=\"Jessica Costa\" \/>\n<meta name=\"twitter:card\" content=\"summary_large_image\" \/>\n<meta name=\"twitter:label1\" content=\"Written by\" \/>\n\t<meta name=\"twitter:data1\" content=\"Jessica Costa\" \/>\n\t<meta name=\"twitter:label2\" content=\"Estimated reading time\" \/>\n\t<meta name=\"twitter:data2\" content=\"6 minutes\" \/>\n<script type=\"application\/ld+json\" class=\"yoast-schema-graph\">{\"@context\":\"https:\/\/schema.org\",\"@graph\":[{\"@type\":\"WebPage\",\"@id\":\"https:\/\/algarvestp.pt\/algarve-empreende-2026\/\",\"url\":\"https:\/\/algarvestp.pt\/algarve-empreende-2026\/\",\"name\":\"ALGARVE EMPREENDE 2026 - Algarve STP\",\"isPartOf\":{\"@id\":\"https:\/\/algarvestp.pt\/en\/#website\"},\"datePublished\":\"2024-10-31T10:51:59+00:00\",\"dateModified\":\"2024-10-31T10:51:59+00:00\",\"author\":{\"@id\":\"https:\/\/algarvestp.pt\/en\/#\/schema\/person\/4045405a2eb0e8bae45ca76300cd91c0\"},\"breadcrumb\":{\"@id\":\"https:\/\/algarvestp.pt\/algarve-empreende-2026\/#breadcrumb\"},\"inLanguage\":\"en-GB\",\"potentialAction\":[{\"@type\":\"ReadAction\",\"target\":[\"https:\/\/algarvestp.pt\/algarve-empreende-2026\/\"]}]},{\"@type\":\"BreadcrumbList\",\"@id\":\"https:\/\/algarvestp.pt\/algarve-empreende-2026\/#breadcrumb\",\"itemListElement\":[{\"@type\":\"ListItem\",\"position\":1,\"name\":\"Home\",\"item\":\"https:\/\/algarvestp.pt\/\"},{\"@type\":\"ListItem\",\"position\":2,\"name\":\"ALGARVE EMPREENDE 2026\"}]},{\"@type\":\"WebSite\",\"@id\":\"https:\/\/algarvestp.pt\/en\/#website\",\"url\":\"https:\/\/algarvestp.pt\/en\/\",\"name\":\"Algarve STP\",\"description\":\"Algarve Systems and Technology Partnership\",\"potentialAction\":[{\"@type\":\"SearchAction\",\"target\":{\"@type\":\"EntryPoint\",\"urlTemplate\":\"https:\/\/algarvestp.pt\/en\/?s={search_term_string}\"},\"query-input\":\"required name=search_term_string\"}],\"inLanguage\":\"en-GB\"},{\"@type\":\"Person\",\"@id\":\"https:\/\/algarvestp.pt\/en\/#\/schema\/person\/4045405a2eb0e8bae45ca76300cd91c0\",\"name\":\"Jessica Costa\",\"image\":{\"@type\":\"ImageObject\",\"inLanguage\":\"en-GB\",\"@id\":\"https:\/\/algarvestp.pt\/en\/#\/schema\/person\/image\/\",\"url\":\"https:\/\/algarvestp.pt\/wp-content\/uploads\/avatars\/10\/1744808380-bpfull.jpg\",\"contentUrl\":\"https:\/\/algarvestp.pt\/wp-content\/uploads\/avatars\/10\/1744808380-bpfull.jpg\",\"caption\":\"Jessica Costa\"},\"description\":\"Enquanto Diretora Executiva da AlgarveSTP, Jessica dedica-se a moldar o futuro do Algarve como um polo din\u00e2mico de Inova\u00e7\u00e3o, Tecnologia e Estilo de Vida. Trabalha em estreita colabora\u00e7\u00e3o com stakeholders-chave dos setores p\u00fablico e privado, liderando iniciativas que posicionam a regi\u00e3o como um destino global para o avan\u00e7o tecnol\u00f3gico e o crescimento empresarial.\",\"sameAs\":[\"https:\/\/www.linkedin.com\/in\/jessica-costa-393a61101\/\"],\"url\":\"https:\/\/algarvestp.pt\/en\/members\/jessicacosta\/\"}]}<\/script>\n<!-- \/ Yoast SEO plugin. -->","yoast_head_json":{"title":"ALGARVE EMPREENDE 2026 - Algarve STP","robots":{"index":"index","follow":"follow","max-snippet":"max-snippet:-1","max-image-preview":"max-image-preview:large","max-video-preview":"max-video-preview:-1"},"canonical":"https:\/\/algarvestp.pt\/en\/algarve-empreende-2026\/","og_locale":"en_GB","og_type":"article","og_title":"ALGARVE EMPREENDE 2026 - Algarve STP","og_description":"ALGARVE EMPREENDE 2026 \u0406 PROMO\u00c7\u00c3O DO EMPREENDEDORISMO QUALIFICADO NA REGI\u00c3O DO ALGARVE O empreendedorismo qualificado desempenha um papel fundamental no desenvolvimento e fortalecimento de um ecossistema regional inovador, estimulando a cria\u00e7\u00e3o de neg\u00f3cios de elevado impacto e potencial de crescimento. Empreendedores qualificados possuem vis\u00e3o estrat\u00e9gica, dom\u00ednio t\u00e9cnico e capacidade de gest\u00e3o, o que permite identificar [...]","og_url":"https:\/\/algarvestp.pt\/en\/algarve-empreende-2026\/","og_site_name":"Algarve STP","article_published_time":"2024-10-31T10:51:59+00:00","og_image":[{"width":1280,"height":720,"url":"https:\/\/algarvestp.pt\/wp-content\/uploads\/2024\/10\/Algarve_Empreende_2026-1.jpg","type":"image\/jpeg"}],"author":"Jessica Costa","twitter_card":"summary_large_image","twitter_misc":{"Written by":"Jessica Costa","Estimated reading time":"6 minutes"},"schema":{"@context":"https:\/\/schema.org","@graph":[{"@type":"WebPage","@id":"https:\/\/algarvestp.pt\/algarve-empreende-2026\/","url":"https:\/\/algarvestp.pt\/algarve-empreende-2026\/","name":"ALGARVE EMPREENDE 2026 - Algarve STP","isPartOf":{"@id":"https:\/\/algarvestp.pt\/en\/#website"},"datePublished":"2024-10-31T10:51:59+00:00","dateModified":"2024-10-31T10:51:59+00:00","author":{"@id":"https:\/\/algarvestp.pt\/en\/#\/schema\/person\/4045405a2eb0e8bae45ca76300cd91c0"},"breadcrumb":{"@id":"https:\/\/algarvestp.pt\/algarve-empreende-2026\/#breadcrumb"},"inLanguage":"en-GB","potentialAction":[{"@type":"ReadAction","target":["https:\/\/algarvestp.pt\/algarve-empreende-2026\/"]}]},{"@type":"BreadcrumbList","@id":"https:\/\/algarvestp.pt\/algarve-empreende-2026\/#breadcrumb","itemListElement":[{"@type":"ListItem","position":1,"name":"Home","item":"https:\/\/algarvestp.pt\/"},{"@type":"ListItem","position":2,"name":"ALGARVE EMPREENDE 2026"}]},{"@type":"WebSite","@id":"https:\/\/algarvestp.pt\/en\/#website","url":"https:\/\/algarvestp.pt\/en\/","name":"Algarve STP","description":"Algarve Systems and Technology Partnership","potentialAction":[{"@type":"SearchAction","target":{"@type":"EntryPoint","urlTemplate":"https:\/\/algarvestp.pt\/en\/?s={search_term_string}"},"query-input":"required name=search_term_string"}],"inLanguage":"en-GB"},{"@type":"Person","@id":"https:\/\/algarvestp.pt\/en\/#\/schema\/person\/4045405a2eb0e8bae45ca76300cd91c0","name":"Jessica Costa","image":{"@type":"ImageObject","inLanguage":"en-GB","@id":"https:\/\/algarvestp.pt\/en\/#\/schema\/person\/image\/","url":"https:\/\/algarvestp.pt\/wp-content\/uploads\/avatars\/10\/1744808380-bpfull.jpg","contentUrl":"https:\/\/algarvestp.pt\/wp-content\/uploads\/avatars\/10\/1744808380-bpfull.jpg","caption":"Jessica Costa"},"description":"Enquanto Diretora Executiva da AlgarveSTP, Jessica dedica-se a moldar o futuro do Algarve como um polo din\u00e2mico de Inova\u00e7\u00e3o, Tecnologia e Estilo de Vida. Trabalha em estreita colabora\u00e7\u00e3o com stakeholders-chave dos setores p\u00fablico e privado, liderando iniciativas que posicionam a regi\u00e3o como um destino global para o avan\u00e7o tecnol\u00f3gico e o crescimento empresarial.","sameAs":["https:\/\/www.linkedin.com\/in\/jessica-costa-393a61101\/"],"url":"https:\/\/algarvestp.pt\/en\/members\/jessicacosta\/"}]}},"_links":{"self":[{"href":"https:\/\/algarvestp.pt\/en\/wp-json\/wp\/v2\/posts\/963","targetHints":{"allow":["GET"]}}],"collection":[{"href":"https:\/\/algarvestp.pt\/en\/wp-json\/wp\/v2\/posts"}],"about":[{"href":"https:\/\/algarvestp.pt\/en\/wp-json\/wp\/v2\/types\/post"}],"author":[{"embeddable":true,"href":"https:\/\/algarvestp.pt\/en\/wp-json\/wp\/v2\/users\/10"}],"replies":[{"embeddable":true,"href":"https:\/\/algarvestp.pt\/en\/wp-json\/wp\/v2\/comments?post=963"}],"version-history":[{"count":1,"href":"https:\/\/algarvestp.pt\/en\/wp-json\/wp\/v2\/posts\/963\/revisions"}],"predecessor-version":[{"id":965,"href":"https:\/\/algarvestp.pt\/en\/wp-json\/wp\/v2\/posts\/963\/revisions\/965"}],"wp:featuredmedia":[{"embeddable":true,"href":"https:\/\/algarvestp.pt\/en\/wp-json\/wp\/v2\/media\/964"}],"wp:attachment":[{"href":"https:\/\/algarvestp.pt\/en\/wp-json\/wp\/v2\/media?parent=963"}],"wp:term":[{"taxonomy":"category","embeddable":true,"href":"https:\/\/algarvestp.pt\/en\/wp-json\/wp\/v2\/categories?post=963"},{"taxonomy":"post_tag","embeddable":true,"href":"https:\/\/algarvestp.pt\/en\/wp-json\/wp\/v2\/tags?post=963"}],"curies":[{"name":"wp","href":"https:\/\/api.w.org\/{rel}","templated":true}]}}